{"id":34536,"date":"2022-11-16T08:19:00","date_gmt":"2022-11-16T11:19:00","guid":{"rendered":"https:\/\/www.radiopresidenteibanez.cl\/web\/?p=34536"},"modified":"2022-11-16T08:12:35","modified_gmt":"2022-11-16T11:12:35","slug":"gremios-del-turismo-estimamos-que-las-perdidas-en-el-sector-turistico-son-de-aproximadamente-de-56-millones-de-dolares","status":"publish","type":"post","link":"https:\/\/www.radiopresidenteibanez.cl\/web\/gremios-del-turismo-estimamos-que-las-perdidas-en-el-sector-turistico-son-de-aproximadamente-de-56-millones-de-dolares\/","title":{"rendered":"<strong>Gremios del Turismo: \u201cEstimamos que las p\u00e9rdidas en el sector tur\u00edstico son de aproximadamente de 5,6 millones de d\u00f3lares\u201d<\/strong>"},"content":{"rendered":"\n<p>Quince d\u00edas<strong> <\/strong>se cumplen desde el inicio de la movilizaci\u00f3n que tiene paralizados a los guardaparques de Torres del Paine y otras \u00e1reas silvestres de Magallanes y nuestro pa\u00eds.<\/p>\n\n\n\n<p>Ante esto, los gremios del turismo de Magallanes manifestaron su preocupaci\u00f3n. Al fuerte impacto econ\u00f3mico que est\u00e1 generando esta situaci\u00f3n se suma la ocupaci\u00f3n de la mayor\u00eda de los senderos, impidiendo el libre tr\u00e1nsito de turistas y operadores que trabajan en la zona.<\/p>\n\n\n\n<p>\u201cEn los quince d\u00edas que lleva el paro de los guardaparques ha generado una p\u00e9rdida econ\u00f3mica para CONAF por no venta de tickets de entrada cercano a los $460 millones de pesos, esto s\u00f3lo considerando el Parque Nacional Torres del Paine\u201d, expres\u00f3 Crist\u00f3bal Ben\u00edtez, gerente de la Asociaci\u00f3n de Hoteles y Servicios Tur\u00edsticos de Torres del Paine, HYST.<\/p>\n\n\n\n<p>Un monto no menor, que es s\u00f3lo una parte de los da\u00f1os econ\u00f3micos calculados por el gremio de Torres del Paine. \u201cSi analizamos el impacto econ\u00f3mico que ha significado a la fecha el paro de guardaparques y el cierre que han realizado de senderos y atractivos, vemos que la econom\u00eda local ha sufrido p\u00e9rdidas estimadas en 5,6 millones de d\u00f3lares, &nbsp;por un menor gasto promedio de los visitantes, situaci\u00f3n que afecta directamente a toda la comunidad involucrada en la actividad tur\u00edstica, desde empresas de alojamiento, tour operadores, gu\u00edas locales, transportistas, comercio, artesanos y restaurantes\u201d, a\u00f1adi\u00f3 Ben\u00edtez.<\/p>\n\n\n\n<p>En tanto, Paola Milosevic, presidenta de Austrochile se\u00f1al\u00f3 \u201cdespu\u00e9s de estar dos a\u00f1os cerrados por pandemia esta era la temporada para poder salir adelante y ahora con estos 15 d\u00edas de cierre de senderos terminar\u00e1n por ahogar el sector. M\u00e1s del 90% de los prestadores de servicios tur\u00edsticos son micro y peque\u00f1as empresas como artesanos, hostales, peque\u00f1os transportistas, gu\u00edas, agencias y tantos otros que realmente necesitan trabajar\u201d.<\/p>\n\n\n\n<p><strong><em>Gremios de Puerto Natales<\/em><\/strong><\/p>\n\n\n\n<p>Ana Mar\u00eda D\u00edaz, presidenta de la Asociaci\u00f3n Gremial del Pueblo Artesanal Etherh Aiken, resalt\u00f3 \u201cestamos conscientes de las peticiones que los guardaparques. En lo que no estamos de acuerdo es como las autoridades est\u00e1n manejando este conflicto. Todos tenemos el derecho de trabajar. Los gremios de turismo estamos cansados, fueron dos a\u00f1os de pandemia que nos golpearon duramente, y cuando pensamos que comenzaba el alza de la reactivaci\u00f3n tur\u00edstica viene este paro que nos est\u00e1 perjudicando\u201d.<\/p>\n\n\n\n<p>Otro de los gremios afectados es el de los hostales y residenciales. Durante los dos a\u00f1os de pandemia diez alojamientos cerraron sus puertas y temen que debido a este paro m\u00e1s empresas de este rubro corran la misma suerte. &nbsp;Su presidenta, Noemi Ojeda, recalc\u00f3 que \u201clos hostales de Puerto Natales apoyamos a un magall\u00e1nico, para que sea presidente, pero parece que se olvid\u00f3 de su regi\u00f3n\u201d.<\/p>\n\n\n\n<p>Asimismo, Beatriz Castro, presidenta de la Asociaci\u00f3n Gremial de Gu\u00edas de Turismo Locales de Puerto Natales explic\u00f3 \u201ccomo gu\u00edas solidarizamos con los guardaparques, pero no est\u00e1n viendo que Chile ha sido premiado innumerables veces como destino de clase mundial, y es preocupante usar la actividad como moneda de cambio para demandas que corresponde que se haga cargo el estado. Esto genera una mala imagen de inseguridad al turista y va en desmedro de un sector que genera tanto directa como indirectamente empleo para muchas familias\u201d.<\/p>\n\n\n\n<p>Junto con recordar el significado que tiene Torres del Paine para la regi\u00f3n y&nbsp; la riesgo de incendios forestales que enfrenta la Octava Maravilla al no contar con guardaparques, Adriana Aguilar, gerente de la C\u00e1mara de Turismo de \u00daltima Esperanza expres\u00f3: \u201crequerimos de la presencia del presidente magall\u00e1nico de manera urgente para resolver las leg\u00edtimas demandas de los guardaparques, ya que solidarizamos con quienes cuidan nuestro recurso, y pese a que no compartimos las medidas de corte de senderos, por que perjudica al parque y al destino tur\u00edstico que tanto ha costado posicionar, apoyamos el buen desarrollo de la actividad tur\u00edstica. Solicitamos medidas excepcionales para mitigar los efectos adversos de esta nueva crisis que afecta, principalmente, la empleabilidad de Magallanes\u201d.<\/p>\n\n\n\n<p>Una solicitud que reafirma Lidia Melo, C\u00e1mara de Comercio Detallista y Turismo A.G, a\u00f1adi\u00f3 \u201cSolicitamos que los ministros de econom\u00eda y agricultura deber\u00edan venir a Puerto Natales y ver en terreno la grave situaci\u00f3n que estamos viviendo. En Puerto Natales nos afecta much\u00edsimo, ya que hay que pensar de que mientras est\u00e9 esta situaci\u00f3n los turistas se est\u00e1n yendo y est\u00e1n prefiriendo otros destinos. Los tours operadores internacionales est\u00e1n pidiendo la devoluci\u00f3n de los dineros y los hoteles y hostales han tenido que devolver dinero\u201d.<\/p>\n\n\n\n<p>Finalmente, los gremios realizaron un llamado para que se destrabe este conflicto y que se recupere de manera urgente el libre tr\u00e1nsito de senderos y el acceso a atractivos que permita a la actividad tur\u00edstica operar en condiciones normales en el destino.<\/p>\n","protected":false},"excerpt":{"rendered":"<p>Quince d\u00edas se cumplen desde el inicio de la movilizaci\u00f3n que tiene paralizados a los guardaparques de Torres del Paine y otras \u00e1reas silvestres de Magallanes y nuestro pa\u00eds. Ante&#8230; <a class=\"read-more\" href=\"https:\/\/www.radiopresidenteibanez.cl\/web\/gremios-del-turismo-estimamos-que-las-perdidas-en-el-sector-turistico-son-de-aproximadamente-de-56-millones-de-dolares\/\">Leer m\u00e1s<\/a><\/p>\n","protected":false},"author":2,"featured_media":34537,"comment_status":"closed","ping_status":"closed","sticky":false,"template":"","format":"standard","meta":{"footnotes":""},"categories":[1],"tags":[],"class_list":["post-34536","post","type-post","status-publish","format-standard","has-post-thumbnail","hentry","category-cronica"],"_links":{"self":[{"href":"https:\/\/www.radiopresidenteibanez.cl\/web\/wp-json\/wp\/v2\/posts\/34536","targetHints":{"allow":["GET"]}}],"collection":[{"href":"https:\/\/www.radiopresidenteibanez.cl\/web\/wp-json\/wp\/v2\/posts"}],"about":[{"href":"https:\/\/www.radiopresidenteibanez.cl\/web\/wp-json\/wp\/v2\/types\/post"}],"author":[{"embeddable":true,"href":"https:\/\/www.radiopresidenteibanez.cl\/web\/wp-json\/wp\/v2\/users\/2"}],"replies":[{"embeddable":true,"href":"https:\/\/www.radiopresidenteibanez.cl\/web\/wp-json\/wp\/v2\/comments?post=34536"}],"version-history":[{"count":0,"href":"https:\/\/www.radiopresidenteibanez.cl\/web\/wp-json\/wp\/v2\/posts\/34536\/revisions"}],"wp:featuredmedia":[{"embeddable":true,"href":"https:\/\/www.radiopresidenteibanez.cl\/web\/wp-json\/wp\/v2\/media\/34537"}],"wp:attachment":[{"href":"https:\/\/www.radiopresidenteibanez.cl\/web\/wp-json\/wp\/v2\/media?parent=34536"}],"wp:term":[{"taxonomy":"category","embeddable":true,"href":"https:\/\/www.radiopresidenteibanez.cl\/web\/wp-json\/wp\/v2\/categories?post=34536"},{"taxonomy":"post_tag","embeddable":true,"href":"https:\/\/www.radiopresidenteibanez.cl\/web\/wp-json\/wp\/v2\/tags?post=34536"}],"curies":[{"name":"wp","href":"https:\/\/api.w.org\/{rel}","templated":true}]}}