{"id":34518,"date":"2022-11-15T13:53:00","date_gmt":"2022-11-15T16:53:00","guid":{"rendered":"https:\/\/www.radiopresidenteibanez.cl\/web\/?p=34518"},"modified":"2022-11-15T10:45:39","modified_gmt":"2022-11-15T13:45:39","slug":"conaf-trabaja-en-lograr-acuerdos-con-guardaparques","status":"publish","type":"post","link":"https:\/\/www.radiopresidenteibanez.cl\/web\/conaf-trabaja-en-lograr-acuerdos-con-guardaparques\/","title":{"rendered":"<strong>CONAF trabaja en lograr acuerdos con Guardaparques<\/strong>"},"content":{"rendered":"\n<p>Ante la movilizaci\u00f3n del Sindicato de Guardaparques, que mantiene sin atenci\u00f3n de p\u00fablico a distintas \u00e1reas protegidas del pa\u00eds, la Direcci\u00f3n Ejecutiva de la Corporaci\u00f3n Nacional Forestal (CONAF), se\u00f1ala que se encuentra en constante di\u00e1logo&nbsp; con los representantes del&nbsp; estamento de las y los Guardaparques, con la firme convicci\u00f3n de&nbsp; encontrar en el corto plazo un acuerdo fruto del di\u00e1logo y la colaboraci\u00f3n.<\/p>\n\n\n\n<p>Es en ese contexto, que en la jornada del lunes 14 de noviembre de 2022, se ha presentado a los sindicatos movilizados una tercera propuesta, con el objetivo de llegar a un acuerdo que permita avanzar en mejoras concretas para las y los trabajadores de la Corporaci\u00f3n.<\/p>\n\n\n\n<p>Las anteriores propuestas entregadas por Conaf, la del viernes 04 y mi\u00e9rcoles 09 de noviembre, no fueron aprobadas por los Guardaparques<\/p>\n\n\n\n<p>Es importante relevar el alcance de esta nueva propuesta, que viene a mejorar las condiciones laborales del 53% de los trabajadores que pertenecen al estamento administrativo y auxiliar.<\/p>\n","protected":false},"excerpt":{"rendered":"<p>Ante la movilizaci\u00f3n del Sindicato de Guardaparques, que mantiene sin atenci\u00f3n de p\u00fablico a distintas \u00e1reas protegidas del pa\u00eds, la Direcci\u00f3n Ejecutiva de la Corporaci\u00f3n Nacional Forestal (CONAF), se\u00f1ala que&#8230; <a class=\"read-more\" href=\"https:\/\/www.radiopresidenteibanez.cl\/web\/conaf-trabaja-en-lograr-acuerdos-con-guardaparques\/\">Leer m\u00e1s<\/a><\/p>\n","protected":false},"author":2,"featured_media":34519,"comment_status":"closed","ping_status":"closed","sticky":false,"template":"","format":"standard","meta":{"footnotes":""},"categories":[1],"tags":[],"class_list":["post-34518","post","type-post","status-publish","format-standard","has-post-thumbnail","hentry","category-cronica"],"_links":{"self":[{"href":"https:\/\/www.radiopresidenteibanez.cl\/web\/wp-json\/wp\/v2\/posts\/34518","targetHints":{"allow":["GET"]}}],"collection":[{"href":"https:\/\/www.radiopresidenteibanez.cl\/web\/wp-json\/wp\/v2\/posts"}],"about":[{"href":"https:\/\/www.radiopresidenteibanez.cl\/web\/wp-json\/wp\/v2\/types\/post"}],"author":[{"embeddable":true,"href":"https:\/\/www.radiopresidenteibanez.cl\/web\/wp-json\/wp\/v2\/users\/2"}],"replies":[{"embeddable":true,"href":"https:\/\/www.radiopresidenteibanez.cl\/web\/wp-json\/wp\/v2\/comments?post=34518"}],"version-history":[{"count":0,"href":"https:\/\/www.radiopresidenteibanez.cl\/web\/wp-json\/wp\/v2\/posts\/34518\/revisions"}],"wp:featuredmedia":[{"embeddable":true,"href":"https:\/\/www.radiopresidenteibanez.cl\/web\/wp-json\/wp\/v2\/media\/34519"}],"wp:attachment":[{"href":"https:\/\/www.radiopresidenteibanez.cl\/web\/wp-json\/wp\/v2\/media?parent=34518"}],"wp:term":[{"taxonomy":"category","embeddable":true,"href":"https:\/\/www.radiopresidenteibanez.cl\/web\/wp-json\/wp\/v2\/categories?post=34518"},{"taxonomy":"post_tag","embeddable":true,"href":"https:\/\/www.radiopresidenteibanez.cl\/web\/wp-json\/wp\/v2\/tags?post=34518"}],"curies":[{"name":"wp","href":"https:\/\/api.w.org\/{rel}","templated":true}]}}