{"id":34500,"date":"2022-11-14T19:57:00","date_gmt":"2022-11-14T22:57:00","guid":{"rendered":"https:\/\/www.radiopresidenteibanez.cl\/web\/?p=34500"},"modified":"2022-11-14T16:18:18","modified_gmt":"2022-11-14T19:18:18","slug":"declaracion-publicaante-la-inaccion-de-este-gobiernomesa-sector-publico-magallanes-se-declara-en-alerta","status":"publish","type":"post","link":"https:\/\/www.radiopresidenteibanez.cl\/web\/declaracion-publicaante-la-inaccion-de-este-gobiernomesa-sector-publico-magallanes-se-declara-en-alerta\/","title":{"rendered":"DECLARACION PUBLICA<br>\u201cANTE LA INACCI\u00d3N DE ESTE GOBIERNO,<br>MESA SECTOR PUBLICO MAGALLANES SE DECLARA EN ALERTA\u201d"},"content":{"rendered":"\n<p>La Mesa del Sector Publico Magallanes, integrada por Asociaci\u00f3n de Funcionarios de la Junta<br>Nacional de Jardines Infantiles (AJUNJI), Asociaci\u00f3n de Empleados Fiscales (ANEF), Asociaci\u00f3n de<br>Funcionarios Universidad de Magallanes (AFUM), Asociaci\u00f3n de Empleados Municipales<br>(ASEMUCH), Colegio de Profesores A.G., Federaci\u00f3n de Profesionales de la Salud (FENPRUSS),<br>Federaci\u00f3n de Funcionarios Hospital Cl\u00ednico (FENATS), Asociaci\u00f3n de Funcionarios de la Acci\u00f3n<br>Sanitaria (AFAS), Confusam, Asistentes de la Educaci\u00f3n y Federaci\u00f3n de T\u00e9cnicos Hospital Cl\u00ednico<br>(Fentess), manifestamos lo siguiente:<br>El pasado 07 de noviembre a\u00f1o &#8211; gracias a las gestiones realizadas por el Diputado de nuestra regi\u00f3n,<br>Sr. Christian Matheson Vill\u00e1n- fuimos invitados a exponer ante la Comisi\u00f3n de Zonas Extremas de<br>la C\u00e1mara de Diputados la situaci\u00f3n actual del bono de complemento de zona que reciben algunos<br>funcionarios y funcionarias p\u00fablicas del sector centralizado y descentralizado en nuestra regi\u00f3n.<br>Cabe recordar que esta fue una lucha gremial que dimos junto a la Mesa del Sector P\u00fablico de la<br>regi\u00f3n de Ays\u00e9n en el a\u00f1o 2015, logrando se otorguen los 5 adicionales de vacaciones legales por<br>salir de la regi\u00f3n y este bono que ten\u00eda como objetivo compensar en parte las diferencias de<br>asignaci\u00f3n de zona que existen actualmente entre los funcionarios p\u00fablicos dentro de la misma<br>regi\u00f3n<br>Manifestamos a la Comisi\u00f3n nuestra preocupaci\u00f3n por la disminuci\u00f3n que ha tenido la entrega de<br>este bono a\u00f1o en a\u00f1o, debido a la l\u00ednea de corte que aplica el gobierno para su entrega, el que se<br>calcula con la asignaci\u00f3n de zona incorporada siendo hoy d\u00eda un numero bastante inferior el que lo<br>recibe en la regi\u00f3n, en el \u00faltimo pago del mes de septiembre ($70.745) solo lo recibieron 1.476 de<br>un universo de beneficiarios directos que era de 11.900 cuando se trabaj\u00f3 en la Mesa T\u00e9cnica del<br>a\u00f1o 2015. De no modificar la forma de pago en un par de a\u00f1os este bono tiende a desaparecer.<br>La comisi\u00f3n acord\u00f3 invitar a la Direcci\u00f3n de Presupuesto para abordar este tema en particular y<br>buscar una soluci\u00f3n a la brevedad.<br>Por este mismo tema sostuvimos reuni\u00f3n con la Direcci\u00f3n de Presupuesto el d\u00eda mi\u00e9rcoles 09 antes<br>de regresar a la regi\u00f3n, encontrando la buena disposici\u00f3n para abordar una soluci\u00f3n, considerando<br>que esto no requiere de un mayor gasto fiscal porque los fondos est\u00e1n cautelados en la Ley de<br>Presupuesto del a\u00f1o anterior, quedando un remanente que no se ha podido pagar por la aplicaci\u00f3n<br>de la l\u00ednea de corte.<br>Pese a haber hecho todos los esfuerzos posibles para sostener un encuentro con el Presidente de la<br>Rep\u00fablica, quien cuando fue Diputado por nuestra Regi\u00f3n, firmo como garante de esta medida<br>econ\u00f3mica &#8211; raz\u00f3n por la que nos parece de toda l\u00f3gica pedir su gesti\u00f3n para instruya una soluci\u00f3n<br>al problema planteado \u2013 este encuentro no se concret\u00f3 por falta de agenda seg\u00fan nos informaron<br>reci\u00e9n a las 16:22 hrs. en una carta dirigida a quien Coordina la Mesa.<br>Nuestra intenci\u00f3n nunca fue solo ir a tomarnos una foto con \u00e9l, necesit\u00e1bamos trasmitirle nuestra<br>problem\u00e1tica, y eso lo dejamos de manifiesto. Deb\u00edamos hacer un buen uso de los recursos y<br>aprovechar este viaje para hacer todas las gestiones posibles, lamentablemente las autoridades de<br>gobierno no tienen la misma sensibilidad y no fue posible. Es necesario dejar constancia que la<br>petici\u00f3n de audiencia la pedimos con la debida antelaci\u00f3n recurriendo a personas cercanas a \u00e9l<br>como en el caso de la Delegada Presidencial, el Gobernador Regional y la Diputada Javiera Morales<br>A.<br>Nuestro trabajo va enfocado a dejar este bono permanente, aumentando su valor y ampliando su<br>cobertura, todo ello ser\u00e1 posible si contamos con el trabajo de las autoridades de gobierno es por<br>esta raz\u00f3n que es vital que la Mesa T\u00e9cnica que reci\u00e9n retoma su trabajo despu\u00e9s de varios meses<br>en que no se convoc\u00f3 a reuniones por parte de la Delegada Presidencial, reci\u00e9n retoma su trabajo<br>en el mes de octubre ahora liderada por los Seremis de Hacienda y del Trabajo. En el mes noviembre<br>del presente a\u00f1o los Seremis de Hacienda y del Trabajo se encuentran liderando la Mesa T\u00e9cnica.<br>Esperamos tener el avance comprometido y sobre todo trabajar en conjunto en un Estudio de<br>Inter\u00e9s Regional que pueda ser utilizado para cualquier Pol\u00edtica P\u00fablica de la Regi\u00f3n de Magallanes.<br>El que hoy estemos retomando este trabajo obedece a la presi\u00f3n que hemos realizado los propios<br>dirigentes de la Mesa del Sector Publico Magallanes, y no podemos hacernos cargo de no poder<br>cumplir con las leg\u00edtimas perspectivas de quienes hoy est\u00e1n excluidos de ser beneficiarios, esta<br>responsabilidad se la traspasamos a las autoridades regionales en la figura del Gobernador Regional<br>Sr. Jorge Flies A. y la Delegada Presidencial Sra. Luz Berm\u00fadez Sandoval por no haber abordado el<br>tema en el transcurso del a\u00f1o, dejando que pasaran meses vitales para tener hoy d\u00eda un avance en<br>esta materia.<\/p>\n","protected":false},"excerpt":{"rendered":"<p>La Mesa del Sector Publico Magallanes, integrada por Asociaci\u00f3n de Funcionarios de la JuntaNacional de Jardines Infantiles (AJUNJI), Asociaci\u00f3n de Empleados Fiscales (ANEF), Asociaci\u00f3n deFuncionarios Universidad de Magallanes (AFUM), Asociaci\u00f3n&#8230; <a class=\"read-more\" href=\"https:\/\/www.radiopresidenteibanez.cl\/web\/declaracion-publicaante-la-inaccion-de-este-gobiernomesa-sector-publico-magallanes-se-declara-en-alerta\/\">Leer m\u00e1s<\/a><\/p>\n","protected":false},"author":2,"featured_media":34501,"comment_status":"closed","ping_status":"closed","sticky":false,"template":"","format":"standard","meta":{"footnotes":""},"categories":[1],"tags":[],"class_list":["post-34500","post","type-post","status-publish","format-standard","has-post-thumbnail","hentry","category-cronica"],"_links":{"self":[{"href":"https:\/\/www.radiopresidenteibanez.cl\/web\/wp-json\/wp\/v2\/posts\/34500","targetHints":{"allow":["GET"]}}],"collection":[{"href":"https:\/\/www.radiopresidenteibanez.cl\/web\/wp-json\/wp\/v2\/posts"}],"about":[{"href":"https:\/\/www.radiopresidenteibanez.cl\/web\/wp-json\/wp\/v2\/types\/post"}],"author":[{"embeddable":true,"href":"https:\/\/www.radiopresidenteibanez.cl\/web\/wp-json\/wp\/v2\/users\/2"}],"replies":[{"embeddable":true,"href":"https:\/\/www.radiopresidenteibanez.cl\/web\/wp-json\/wp\/v2\/comments?post=34500"}],"version-history":[{"count":0,"href":"https:\/\/www.radiopresidenteibanez.cl\/web\/wp-json\/wp\/v2\/posts\/34500\/revisions"}],"wp:featuredmedia":[{"embeddable":true,"href":"https:\/\/www.radiopresidenteibanez.cl\/web\/wp-json\/wp\/v2\/media\/34501"}],"wp:attachment":[{"href":"https:\/\/www.radiopresidenteibanez.cl\/web\/wp-json\/wp\/v2\/media?parent=34500"}],"wp:term":[{"taxonomy":"category","embeddable":true,"href":"https:\/\/www.radiopresidenteibanez.cl\/web\/wp-json\/wp\/v2\/categories?post=34500"},{"taxonomy":"post_tag","embeddable":true,"href":"https:\/\/www.radiopresidenteibanez.cl\/web\/wp-json\/wp\/v2\/tags?post=34500"}],"curies":[{"name":"wp","href":"https:\/\/api.w.org\/{rel}","templated":true}]}}