{"id":3448,"date":"2019-04-16T15:56:20","date_gmt":"2019-04-16T15:56:20","guid":{"rendered":"http:\/\/www.radiopresidenteibanez.cl\/web\/?p=3448"},"modified":"2019-04-16T15:56:43","modified_gmt":"2019-04-16T15:56:43","slug":"con-alumnos-preocupados-por-la-situacion-de-la-gratuidad-universidad-de-magallanes-dio-el-vamos-al-inicio-del-ano-escolar-2019","status":"publish","type":"post","link":"https:\/\/www.radiopresidenteibanez.cl\/web\/con-alumnos-preocupados-por-la-situacion-de-la-gratuidad-universidad-de-magallanes-dio-el-vamos-al-inicio-del-ano-escolar-2019\/","title":{"rendered":"CON ALUMNOS PREOCUPADOS POR LA SITUACI\u00d3N DE LA GRATUIDAD UNIVERSIDAD DE MAGALLANES DIO EL VAMOS AL INICIO DEL A\u00d1O ESCOLAR 2019"},"content":{"rendered":"\n<p>En la oportunidad el rector de la\nUniversidad de Magallanes, Juan Oyarzo, coment\u00f3 que \u201cluego de la paralizaci\u00f3n\nhemos cumplido con todo lo solicitado, esperemos poder llevar este a\u00f1o con\ntotal normalidad, se est\u00e1n realizando algunas investigaciones y sumarios as\u00ed\nque pronto tendremos dichos resultados\u201d.<\/p>\n\n\n\n<p>Por su parte el director de la\nUniversidad de Chile, Ennio Vivaldi, se refiri\u00f3 a la situaci\u00f3n que viven\nalgunos alumnos de la UMAG, por no poder optar a la gratuidad, expresando que\n\u201cse les quita la gratuidad por que extienden su carrera, pero es algo a lo que\nellos no optan, sino que se va dando en el camino, espero que esta situaci\u00f3n se\npueda solucionar a favor de ellos\u201d.<\/p>\n\n\n\n<p>As\u00ed tambi\u00e9n la Universidad de Magallanes espera que se pueda solucionar la problem\u00e1tica de la gratuidad de los estudiantes con el apoyo de los distintos parlamentarios de la regi\u00f3n de Magallanes y Ant\u00e1rtica Chilena, ya que son cerca de 400 los alumnos y alumnas que se ver\u00e1n afectadas por esta situaci\u00f3n y reci\u00e9n se abordar\u00e1 en junio quienes seguir\u00e1n con la beca.<\/p>\n\n\n\n<figure class=\"wp-block-image\"><img loading=\"lazy\" decoding=\"async\" width=\"960\" height=\"370\" src=\"http:\/\/www.radiopresidenteibanez.cl\/web\/wp-content\/uploads\/2019\/04\/portada.jpg\" alt=\"\" class=\"wp-image-3449\" srcset=\"https:\/\/www.radiopresidenteibanez.cl\/web\/wp-content\/uploads\/2019\/04\/portada.jpg 960w, https:\/\/www.radiopresidenteibanez.cl\/web\/wp-content\/uploads\/2019\/04\/portada-300x116.jpg 300w, https:\/\/www.radiopresidenteibanez.cl\/web\/wp-content\/uploads\/2019\/04\/portada-768x296.jpg 768w\" sizes=\"auto, (max-width: 960px) 100vw, 960px\" \/><\/figure>\n","protected":false},"excerpt":{"rendered":"<p>En la oportunidad el rector de la Universidad de Magallanes, Juan Oyarzo, coment\u00f3 que \u201cluego de la paralizaci\u00f3n hemos cumplido con todo lo solicitado, esperemos poder llevar este a\u00f1o con&#8230; <a class=\"read-more\" href=\"https:\/\/www.radiopresidenteibanez.cl\/web\/con-alumnos-preocupados-por-la-situacion-de-la-gratuidad-universidad-de-magallanes-dio-el-vamos-al-inicio-del-ano-escolar-2019\/\">Leer m\u00e1s<\/a><\/p>\n","protected":false},"author":2,"featured_media":3449,"comment_status":"closed","ping_status":"closed","sticky":false,"template":"","format":"standard","meta":{"footnotes":""},"categories":[1],"tags":[],"class_list":["post-3448","post","type-post","status-publish","format-standard","has-post-thumbnail","hentry","category-cronica"],"_links":{"self":[{"href":"https:\/\/www.radiopresidenteibanez.cl\/web\/wp-json\/wp\/v2\/posts\/3448","targetHints":{"allow":["GET"]}}],"collection":[{"href":"https:\/\/www.radiopresidenteibanez.cl\/web\/wp-json\/wp\/v2\/posts"}],"about":[{"href":"https:\/\/www.radiopresidenteibanez.cl\/web\/wp-json\/wp\/v2\/types\/post"}],"author":[{"embeddable":true,"href":"https:\/\/www.radiopresidenteibanez.cl\/web\/wp-json\/wp\/v2\/users\/2"}],"replies":[{"embeddable":true,"href":"https:\/\/www.radiopresidenteibanez.cl\/web\/wp-json\/wp\/v2\/comments?post=3448"}],"version-history":[{"count":0,"href":"https:\/\/www.radiopresidenteibanez.cl\/web\/wp-json\/wp\/v2\/posts\/3448\/revisions"}],"wp:featuredmedia":[{"embeddable":true,"href":"https:\/\/www.radiopresidenteibanez.cl\/web\/wp-json\/wp\/v2\/media\/3449"}],"wp:attachment":[{"href":"https:\/\/www.radiopresidenteibanez.cl\/web\/wp-json\/wp\/v2\/media?parent=3448"}],"wp:term":[{"taxonomy":"category","embeddable":true,"href":"https:\/\/www.radiopresidenteibanez.cl\/web\/wp-json\/wp\/v2\/categories?post=3448"},{"taxonomy":"post_tag","embeddable":true,"href":"https:\/\/www.radiopresidenteibanez.cl\/web\/wp-json\/wp\/v2\/tags?post=3448"}],"curies":[{"name":"wp","href":"https:\/\/api.w.org\/{rel}","templated":true}]}}