{"id":34476,"date":"2022-11-14T11:20:00","date_gmt":"2022-11-14T14:20:00","guid":{"rendered":"https:\/\/www.radiopresidenteibanez.cl\/web\/?p=34476"},"modified":"2022-11-14T09:56:43","modified_gmt":"2022-11-14T12:56:43","slug":"comunidades-educativas-trabajan-en-conjunto-para-fortalecer-la-politica-nacional-de-convivencia-escolar","status":"publish","type":"post","link":"https:\/\/www.radiopresidenteibanez.cl\/web\/comunidades-educativas-trabajan-en-conjunto-para-fortalecer-la-politica-nacional-de-convivencia-escolar\/","title":{"rendered":"COMUNIDADES EDUCATIVAS TRABAJAN EN CONJUNTO PARA FORTALECER\u00a0LA POLITICA NACIONAL DE CONVIVENCIA ESCOLAR"},"content":{"rendered":"\n<p>El d\u00eda jueves en el Sal\u00f3n Gabriela Mistral de la Secretar\u00eda Regional Ministerial de Educaci\u00f3n,&nbsp;ubicado en Ignacio carrera Pinto N\u00b01259, participaron de una jornada de trabajo estudiantes de seis establecimientos educacionales; docentes y asistentes de la educaci\u00f3n; equipos de gesti\u00f3n y de convivencia escolar; madres, padres y apoderados; y representantes de Secreducs y Deprovs, con experiencias asociadas a convivencia escolar.&nbsp;<\/p>\n\n\n\n<p>El objetivo de esta iniciativa es fortalecer la pol\u00edtica vigente mediante un proceso que permita otorgar valor p\u00fablico a las ideas expresadas por parte de los actores involucrados en la convivencia escolar, al interior de las comunidades educativas y en sus territorios, a partir de las cinco dimensiones que sustentan la Pol\u00edtica Nacional de Convivencia Escolar: \u00c9tica, Formativa, Gesti\u00f3n de Convivencia, Modos de Convivir y Contextos de Aprendizaje, trabaj\u00e1ndolo en grupos focales&nbsp;<\/p>\n\n\n\n<p>Como primer antecedente a considerar, se estima que la pol\u00edtica vigente cuenta con los elementos fundamentales para cumplir su rol como documento orientador de la convivencia en las comunidades educativas. Es importante recordar que esta pol\u00edtica afinca sus ra\u00edces en el Informe Delors (1996) de la UNESCO, que sent\u00f3 las bases de una nueva mirada sobre la calidad de la educaci\u00f3n al enfocarla hacia el desarrollo de las competencias necesarias para vivir en el siglo XXI, entre ellas, la de aprender a vivir juntos.&nbsp;<\/p>\n\n\n\n<p>Sin embargo, la actualizaci\u00f3n se hace necesaria a la luz de la publicaci\u00f3n e implementaci\u00f3n de la Pol\u00edtica de Reactivaci\u00f3n Educativa Integral \u201cSeamos Comunidad\u201d del Ministerio, as\u00ed como tambi\u00e9n del Nuevo Contrato Social para la Educaci\u00f3n propuesto recientemente por UNESCO (2022), sobre el cual se sustenta el Nuevo Paradigma Educativo, a cuya construcci\u00f3n se busca aportar a trav\u00e9s del resultado de este proceso. &nbsp;<\/p>\n\n\n\n<p>El seremi de Educaci\u00f3n, Valent\u00edn Aguilera G\u00f3mez, se\u00f1al\u00f3 que \u201cla emergencia que dej\u00f3 la pandemia nos obliga a transformar las escuelas en lugares donde nuestros ni\u00f1os y ni\u00f1as no solamente aprendan, sino que sean felices. Debemos trabajar unidos para construir comunidades educativas, centradas en el cuidado mutuo\u201d.&nbsp;<\/p>\n\n\n\n<p>Para poner en di\u00e1logo las dimensiones con los actores, se trabaj\u00f3 sobre el m\u00e9todo de grupos focales seg\u00fan la pertinencia e involucramiento de los participantes con los temas que abord\u00f3 cada una de las dimensiones. La s\u00edntesis de esas conversaciones fue recogida, analizada y constituir\u00e1 un material pertinente, rico y validado por la reflexi\u00f3n hecha por la comunidad para la actualizaci\u00f3n de la Pol\u00edtica Nacional de Convivencia.&nbsp;<\/p>\n\n\n\n<p>Vicente Silva, estudiante del 3\u00b0C del Liceo Industrial, Especialidad Construcci\u00f3n, cont\u00f3 sobre la actividad: \u201cMe ha parecido genial que nos incluyan en esto a los alumnos. Es muy importante estar siempre actualizando las normas, debido al constante cambio que hay en los liceos, los alumnos que van y vienen, los nuevos que se integran. Una mejor convivencia dentro del establecimiento, permite que no hayan atados ni dramas con nadie\u201d.&nbsp;<\/p>\n\n\n\n<p>Por su parte, H\u00e9ctor Palma, representante del Centro General de Padres y Apoderados del Liceo San Jos\u00e9 indic\u00f3: \u201cHemos llegado a la convicci\u00f3n de que necesitamos que los apoderados se involucren mucho en el d\u00eda a d\u00eda, no solamente dejar la responsabilidad en los directivos de los colegios, sino tambi\u00e9n que los pap\u00e1s asuman el compromiso de hacerse part\u00edcipes de las actividades propias de cada uno de los establecimientos educacionales de Magallanes. Mejorar la educaci\u00f3n no s\u00f3lo en la parte acad\u00e9mica, sino la personal, que es fundamental\u201d.&nbsp;<\/p>\n\n\n\n<p>Finalmente, Cristina Vega Gonz\u00e1lez,&nbsp;coordinadora nacional de Convivencia Escolar del Ministerio de Educaci\u00f3n, quien lider\u00f3 la jornada, indic\u00f3 que \u201ctuvo una muy buena recepci\u00f3n por parte de los participantes. Agradecieron mucho el espacio de conversaci\u00f3n, de escucha, y de ser parte de un levantamiento de pol\u00edtica p\u00fablica\u201d.&nbsp;<\/p>\n","protected":false},"excerpt":{"rendered":"<p>El d\u00eda jueves en el Sal\u00f3n Gabriela Mistral de la Secretar\u00eda Regional Ministerial de Educaci\u00f3n,&nbsp;ubicado en Ignacio carrera Pinto N\u00b01259, participaron de una jornada de trabajo estudiantes de seis establecimientos&#8230; <a class=\"read-more\" href=\"https:\/\/www.radiopresidenteibanez.cl\/web\/comunidades-educativas-trabajan-en-conjunto-para-fortalecer-la-politica-nacional-de-convivencia-escolar\/\">Leer m\u00e1s<\/a><\/p>\n","protected":false},"author":2,"featured_media":34477,"comment_status":"closed","ping_status":"closed","sticky":false,"template":"","format":"standard","meta":{"footnotes":""},"categories":[1],"tags":[],"class_list":["post-34476","post","type-post","status-publish","format-standard","has-post-thumbnail","hentry","category-cronica"],"_links":{"self":[{"href":"https:\/\/www.radiopresidenteibanez.cl\/web\/wp-json\/wp\/v2\/posts\/34476","targetHints":{"allow":["GET"]}}],"collection":[{"href":"https:\/\/www.radiopresidenteibanez.cl\/web\/wp-json\/wp\/v2\/posts"}],"about":[{"href":"https:\/\/www.radiopresidenteibanez.cl\/web\/wp-json\/wp\/v2\/types\/post"}],"author":[{"embeddable":true,"href":"https:\/\/www.radiopresidenteibanez.cl\/web\/wp-json\/wp\/v2\/users\/2"}],"replies":[{"embeddable":true,"href":"https:\/\/www.radiopresidenteibanez.cl\/web\/wp-json\/wp\/v2\/comments?post=34476"}],"version-history":[{"count":0,"href":"https:\/\/www.radiopresidenteibanez.cl\/web\/wp-json\/wp\/v2\/posts\/34476\/revisions"}],"wp:featuredmedia":[{"embeddable":true,"href":"https:\/\/www.radiopresidenteibanez.cl\/web\/wp-json\/wp\/v2\/media\/34477"}],"wp:attachment":[{"href":"https:\/\/www.radiopresidenteibanez.cl\/web\/wp-json\/wp\/v2\/media?parent=34476"}],"wp:term":[{"taxonomy":"category","embeddable":true,"href":"https:\/\/www.radiopresidenteibanez.cl\/web\/wp-json\/wp\/v2\/categories?post=34476"},{"taxonomy":"post_tag","embeddable":true,"href":"https:\/\/www.radiopresidenteibanez.cl\/web\/wp-json\/wp\/v2\/tags?post=34476"}],"curies":[{"name":"wp","href":"https:\/\/api.w.org\/{rel}","templated":true}]}}