{"id":34470,"date":"2022-11-14T09:19:00","date_gmt":"2022-11-14T12:19:00","guid":{"rendered":"https:\/\/www.radiopresidenteibanez.cl\/web\/?p=34470"},"modified":"2022-11-14T08:53:58","modified_gmt":"2022-11-14T11:53:58","slug":"puntarenenses-disfrutaron-de-un-soleado-dia-practicando-deportes-en-la-costanera-es-tuya","status":"publish","type":"post","link":"https:\/\/www.radiopresidenteibanez.cl\/web\/puntarenenses-disfrutaron-de-un-soleado-dia-practicando-deportes-en-la-costanera-es-tuya\/","title":{"rendered":"<strong>Puntarenenses disfrutaron de un soleado d\u00eda practicando deportes en la Costanera es Tuya<\/strong>"},"content":{"rendered":"\n<p>Un hermoso d\u00eda de sol acompa\u00f1\u00f3, este domingo (13 de noviembre) una nueva jornada de La Costanera es Tuya, actividad organizada desde la Direcci\u00f3n de Desarrollo Comunitario del Municipio de Punta Arenas, con el objetivo de fomentar el deporte y la vida saludable en los espacios p\u00fablicos de la comuna.<br>\u201cLo que vemos son familias, como con la que est\u00e1bamos conversando, parejas, vienen los abuelitos con los ni\u00f1os para que sepan andar en bicicleta, ah\u00ed est\u00e1n las chicas con roller, en un lugar que es maravilloso y m\u00e1s con el tiempo de hoy. Que lindo poder dar el margen de espacio, para que los vecinos puedan tomarse este lugar que es de todos, poder hacerlo con seguridad, poder practicar deportes, pero lo m\u00e1s importante es ver a los ni\u00f1os en familia\u201d, afirm\u00f3 el alcalde de Punta Arenas, Claudio Radonich.<br>La actividad se realiza todos los meses, al menos una vez al mes, para que grandes y chicos disfruten de sus actividades preferidas al aire libre. \u201cMe parece muy bien porque es algo muy saludable, para la salud sobre todo en familia. La gente aprovecha y si hay un d\u00eda bonito mucho mejor. Creo que es algo muy bueno, no solamente deber\u00eda ser una vez al mes, creo que cada 15 d\u00edas ser\u00eda lo ideal\u201d, indic\u00f3 Nelson Douglas, quien disfrut\u00f3 de andar en bicicleta en compa\u00f1\u00eda de su familia y amigos.<br>En tanto, Sebasti\u00e1n C\u00e1rdenas, del Club Extremo Roller, indic\u00f3 que \u201cnosotros tratamos de ser siempre part\u00edcipes activos de esta instancia, ya que es un espacio seguro donde nosotros podemos recorrer, donde podemos aprovechar otro lugar para practicar nuestro deporte que es el patinaje. Nosotros como agrupaci\u00f3n ya llevamos m\u00e1s de un a\u00f1o reuni\u00e9ndonos, haciendo actividades, invitando a la comunidad y la Municipalidad siempre tiene la chance de invitarnos, para que de alguna manera podamos mostrar nuestra actividad, para que la gente pueda asistir, conocer, recrearse y hacer alguna otra actividad distinta\u201d.<br>La instancia reuni\u00f3 a m\u00e1s de un centenar de personas que llegaron hasta orillas del estrecho para realizar distintos deportes, como caminata, patinaje, ciclismo, y trote, adem\u00e1s de zumba. La actividad se extendi\u00f3 entre las 11 y 13 horas.<\/p>\n","protected":false},"excerpt":{"rendered":"<p>Un hermoso d\u00eda de sol acompa\u00f1\u00f3, este domingo (13 de noviembre) una nueva jornada de La Costanera es Tuya, actividad organizada desde la Direcci\u00f3n de Desarrollo Comunitario del Municipio de&#8230; <a class=\"read-more\" href=\"https:\/\/www.radiopresidenteibanez.cl\/web\/puntarenenses-disfrutaron-de-un-soleado-dia-practicando-deportes-en-la-costanera-es-tuya\/\">Leer m\u00e1s<\/a><\/p>\n","protected":false},"author":2,"featured_media":34471,"comment_status":"closed","ping_status":"closed","sticky":false,"template":"","format":"standard","meta":{"footnotes":""},"categories":[1],"tags":[],"class_list":["post-34470","post","type-post","status-publish","format-standard","has-post-thumbnail","hentry","category-cronica"],"_links":{"self":[{"href":"https:\/\/www.radiopresidenteibanez.cl\/web\/wp-json\/wp\/v2\/posts\/34470","targetHints":{"allow":["GET"]}}],"collection":[{"href":"https:\/\/www.radiopresidenteibanez.cl\/web\/wp-json\/wp\/v2\/posts"}],"about":[{"href":"https:\/\/www.radiopresidenteibanez.cl\/web\/wp-json\/wp\/v2\/types\/post"}],"author":[{"embeddable":true,"href":"https:\/\/www.radiopresidenteibanez.cl\/web\/wp-json\/wp\/v2\/users\/2"}],"replies":[{"embeddable":true,"href":"https:\/\/www.radiopresidenteibanez.cl\/web\/wp-json\/wp\/v2\/comments?post=34470"}],"version-history":[{"count":0,"href":"https:\/\/www.radiopresidenteibanez.cl\/web\/wp-json\/wp\/v2\/posts\/34470\/revisions"}],"wp:featuredmedia":[{"embeddable":true,"href":"https:\/\/www.radiopresidenteibanez.cl\/web\/wp-json\/wp\/v2\/media\/34471"}],"wp:attachment":[{"href":"https:\/\/www.radiopresidenteibanez.cl\/web\/wp-json\/wp\/v2\/media?parent=34470"}],"wp:term":[{"taxonomy":"category","embeddable":true,"href":"https:\/\/www.radiopresidenteibanez.cl\/web\/wp-json\/wp\/v2\/categories?post=34470"},{"taxonomy":"post_tag","embeddable":true,"href":"https:\/\/www.radiopresidenteibanez.cl\/web\/wp-json\/wp\/v2\/tags?post=34470"}],"curies":[{"name":"wp","href":"https:\/\/api.w.org\/{rel}","templated":true}]}}