{"id":34440,"date":"2022-11-12T13:19:00","date_gmt":"2022-11-12T16:19:00","guid":{"rendered":"https:\/\/www.radiopresidenteibanez.cl\/web\/?p=34440"},"modified":"2022-11-11T23:12:15","modified_gmt":"2022-11-12T02:12:15","slug":"ingrid-robert-academica-de-trabajo-social-unab-sede-vina-del-mar-el-aumento-de-los-campamentos-en-chile","status":"publish","type":"post","link":"https:\/\/www.radiopresidenteibanez.cl\/web\/ingrid-robert-academica-de-trabajo-social-unab-sede-vina-del-mar-el-aumento-de-los-campamentos-en-chile\/","title":{"rendered":"Ingrid Robert, acad\u00e9mica de Trabajo Social, UNAB Sede Vi\u00f1a del Mar, el aumento de los campamentos en Chile"},"content":{"rendered":"\n<p>Este a\u00f1o con sorpresa se anunci\u00f3 en las noticias que un fil\u00e1ntropo chileno don\u00f3 una mansi\u00f3n a la organizaci\u00f3n Desaf\u00edo Levantemos Chile con el fin de poder construir viviendas sociales. Con la venta de ese lujoso inmueble se construir\u00e1n hogares que sin duda podr\u00e1n cumplir el sue\u00f1o de vivir con mayor dignidad en la anhelada casa propia.<\/p>\n\n\n\n<p>La encuesta Chile Dice del 2020 se\u00f1alaba que el 44% de las personas ten\u00eda la casa propia como su mayor aspiraci\u00f3n. Como el problema del acceso es una realidad multidimensional que se explica entre otras razones por sus alt\u00edsimos precios, por los ingresos econ\u00f3micos de los hogares, la exclusi\u00f3n del sistema de cr\u00e9ditos hipotecarios cuando se tiene un trabajo formal como tambi\u00e9n por un d\u00e9ficit habitacional actual dada la brecha entre la demanda de soluciones habitacionales y la generaci\u00f3n de ofertas financiadas por el Estado a trav\u00e9s de sus pol\u00edticas p\u00fablicas.<\/p>\n\n\n\n<p>Enfrentamos una de las mayores crisis habitacionales de nuestra historia. El Ministerio de Vivienda y Urbanismo y el BID elaboraron un catastro con el n\u00famero de campamentos. De acuerdo con el informe, en Chile hoy hay 1.091 campamentos, vale decir, asentamientos preferentemente urbanos, de 8 o m\u00e1s hogares que habitan en posesi\u00f3n irregular un terreno, con carencia de al menos 1 de los 3 servicios b\u00e1sicos (electricidad, agua potable y sistema de alcantarillado) y cuyas viviendas son precarias, y se encuentran agrupadas y contiguas.<\/p>\n\n\n\n<p>Entre las razones por las que las personas terminan residiendo en los campamentos menciona que un 55% declara haberlo hecho por los bajos ingresos en el hogar y en 47% por el alto costo en los arriendos. Asimismo, esta situaci\u00f3n preocupa a\u00fan m\u00e1s, ya que la fundaci\u00f3n Techo Chile y el Centro de Investigaci\u00f3n para la Gesti\u00f3n Integrada del Riesgo de Desastres (Cigiden), realizaron el estudio: \u00abExposici\u00f3n a amenazas y vulnerabilidad: la continua emergencia en los campamentos en Chile\u201d. Del universo total de 23.843 familias que residen en campamentos en la regi\u00f3n de Valpara\u00edso un 99,6% se exponen a alg\u00fan tipo de amenaza (incendios forestales, aludes, etc).<\/p>\n\n\n\n<p>Todos estos antecedentes tienen implicancias para la vida de los hogares, por lo que no solo se trata de construir viviendas sino tambi\u00e9n de generar condiciones dignas para el desarrollo de sus habitantes. Se reconoce la preocupaci\u00f3n filantr\u00f3pica como tambi\u00e9n la implementaci\u00f3n de programas gubernamentales que focalizan en los hogares de m\u00e1s alta vulnerabilidad social y econ\u00f3mica. Pero claramente en t\u00e9rminos de impacto de las pol\u00edticas p\u00fablicas, los resultados y la realidad nos se\u00f1alan que es urgente concertar un plan estatal a largo plazo, en el que los distintos actores pol\u00edticos, institucionales, sociales y comunitarios en el tiempo se articulen bajo una pol\u00edtica p\u00fablica intersectorial que proyecte y garantice la reducci\u00f3n del d\u00e9ficit existente, considere las realidades territoriales y regionales particulares, se avance en procesos de regularizaci\u00f3n de hist\u00f3ricos campamentos e incluya medidas para que quienes all\u00ed habiten accedan a servicios b\u00e1sicos y se forjen comunidades multiculturales y seguras.<\/p>\n","protected":false},"excerpt":{"rendered":"<p>Este a\u00f1o con sorpresa se anunci\u00f3 en las noticias que un fil\u00e1ntropo chileno don\u00f3 una mansi\u00f3n a la organizaci\u00f3n Desaf\u00edo Levantemos Chile con el fin de poder construir viviendas sociales&#8230;. <a class=\"read-more\" href=\"https:\/\/www.radiopresidenteibanez.cl\/web\/ingrid-robert-academica-de-trabajo-social-unab-sede-vina-del-mar-el-aumento-de-los-campamentos-en-chile\/\">Leer m\u00e1s<\/a><\/p>\n","protected":false},"author":2,"featured_media":34441,"comment_status":"closed","ping_status":"closed","sticky":false,"template":"","format":"standard","meta":{"footnotes":""},"categories":[1],"tags":[],"class_list":["post-34440","post","type-post","status-publish","format-standard","has-post-thumbnail","hentry","category-cronica"],"_links":{"self":[{"href":"https:\/\/www.radiopresidenteibanez.cl\/web\/wp-json\/wp\/v2\/posts\/34440","targetHints":{"allow":["GET"]}}],"collection":[{"href":"https:\/\/www.radiopresidenteibanez.cl\/web\/wp-json\/wp\/v2\/posts"}],"about":[{"href":"https:\/\/www.radiopresidenteibanez.cl\/web\/wp-json\/wp\/v2\/types\/post"}],"author":[{"embeddable":true,"href":"https:\/\/www.radiopresidenteibanez.cl\/web\/wp-json\/wp\/v2\/users\/2"}],"replies":[{"embeddable":true,"href":"https:\/\/www.radiopresidenteibanez.cl\/web\/wp-json\/wp\/v2\/comments?post=34440"}],"version-history":[{"count":0,"href":"https:\/\/www.radiopresidenteibanez.cl\/web\/wp-json\/wp\/v2\/posts\/34440\/revisions"}],"wp:featuredmedia":[{"embeddable":true,"href":"https:\/\/www.radiopresidenteibanez.cl\/web\/wp-json\/wp\/v2\/media\/34441"}],"wp:attachment":[{"href":"https:\/\/www.radiopresidenteibanez.cl\/web\/wp-json\/wp\/v2\/media?parent=34440"}],"wp:term":[{"taxonomy":"category","embeddable":true,"href":"https:\/\/www.radiopresidenteibanez.cl\/web\/wp-json\/wp\/v2\/categories?post=34440"},{"taxonomy":"post_tag","embeddable":true,"href":"https:\/\/www.radiopresidenteibanez.cl\/web\/wp-json\/wp\/v2\/tags?post=34440"}],"curies":[{"name":"wp","href":"https:\/\/api.w.org\/{rel}","templated":true}]}}