{"id":34436,"date":"2022-11-12T12:13:00","date_gmt":"2022-11-12T15:13:00","guid":{"rendered":"https:\/\/www.radiopresidenteibanez.cl\/web\/?p=34436"},"modified":"2022-11-11T23:04:47","modified_gmt":"2022-11-12T02:04:47","slug":"rosa-francisca-luque-jura-como-jueza-titular-del-juzgado-de-letras-y-garantia-de-cabo-de-hornos","status":"publish","type":"post","link":"https:\/\/www.radiopresidenteibanez.cl\/web\/rosa-francisca-luque-jura-como-jueza-titular-del-juzgado-de-letras-y-garantia-de-cabo-de-hornos\/","title":{"rendered":"Rosa Francisca Luque jura como jueza titular del Juzgado de Letras y Garant\u00eda de&nbsp; Cabo de Hornos"},"content":{"rendered":"\n<p>La magistrada Rosa Francisca Luque L\u00f3pez prest\u00f3 juramento en la sala del pleno de la Corte de Apelaciones de Punta Arenas -ante su presidente (s) Marcos Kusanovic- como nueva jueza titular del Juzgado de Letras y Garant\u00eda de&nbsp; Cabo de Hornos, el tribunal m\u00e1s austral del mundo. \u201cQuiero ser un aporte a la comunidad y estampar un estilo que sea acorde con esta Corte y que, adem\u00e1s, tambi\u00e9n se pueda destacar el hecho de que una mujer no tenga restricciones territoriales en nuestro pa\u00eds\u201d, coment\u00f3 al finalizar la ceremonia.<\/p>\n\n\n\n<p>La jueza Luque es la primera magistrada mujer en el Juzgado de Letras y Garant\u00eda de Cabo de Hornos. \u201cSe podr\u00eda decir que soy la jueza m\u00e1s austral del mundo. Estoy feliz y ansiosa de comenzar, es un cambio importante. Trabajar en Cabo de Hornos es realmente hacer patria, creo que en ese sentido hay que tratar de acercar el tribunal a la gente que vive all\u00e1, dar el mejor servicio posible\u201d, se\u00f1al\u00f3.<\/p>\n\n\n\n<p>Curs\u00f3 sus estudios de Derecho en la Universidad Gabriela Mistral, en 2012. Comenz\u00f3 su trayectoria profesional en el Departamento de Desarrollo Institucional, en la Corporaci\u00f3n Administrativa del Poder Judicial (CAPJ). Luego ingres\u00f3 a la Academia Judicial y realiz\u00f3 suplencias como jueza principalmente en el \u00e1rea laboral y garant\u00eda.<\/p>\n\n\n\n<p>Tras la decisi\u00f3n de trabajar en regiones, realiz\u00f3 suplencias en la Corte de Apelaciones de Curic\u00f3, y despu\u00e9s en el tribunal de competencia com\u00fan de Chill\u00e1n.<\/p>\n\n\n\n<p>En 2019 lleg\u00f3 a la regi\u00f3n de Magallanes con el cargo de relatora suplente de la Corte de Apelaciones de Punta Arenas. Luego, en marzo, fue nombrada secretaria del Juzgado de Letras en la misma ciudad. \u201cMe gusta Magallanes, me gusta la forma de trabajo. Es un lugar muy especial de Chile\u201d, dijo la magistrada Luque.<\/p>\n\n\n\n<p>Por su parte, el presidente (s) de la Corte de Apelaciones, Marcos Kusanovic, coment\u00f3 que, \u201choy participamos de una linda y significativa ceremonia en que asume el cargo de juez del Juzgado de Letras y Garant\u00edas de Cabo de Hornos,&nbsp; ella re\u00fane todas las condiciones para cumplir una excelente labor\u201d.<\/p>\n","protected":false},"excerpt":{"rendered":"<p>La magistrada Rosa Francisca Luque L\u00f3pez prest\u00f3 juramento en la sala del pleno de la Corte de Apelaciones de Punta Arenas -ante su presidente (s) Marcos Kusanovic- como nueva jueza&#8230; <a class=\"read-more\" href=\"https:\/\/www.radiopresidenteibanez.cl\/web\/rosa-francisca-luque-jura-como-jueza-titular-del-juzgado-de-letras-y-garantia-de-cabo-de-hornos\/\">Leer m\u00e1s<\/a><\/p>\n","protected":false},"author":2,"featured_media":34438,"comment_status":"closed","ping_status":"closed","sticky":false,"template":"","format":"standard","meta":{"footnotes":""},"categories":[1],"tags":[],"class_list":["post-34436","post","type-post","status-publish","format-standard","has-post-thumbnail","hentry","category-cronica"],"_links":{"self":[{"href":"https:\/\/www.radiopresidenteibanez.cl\/web\/wp-json\/wp\/v2\/posts\/34436","targetHints":{"allow":["GET"]}}],"collection":[{"href":"https:\/\/www.radiopresidenteibanez.cl\/web\/wp-json\/wp\/v2\/posts"}],"about":[{"href":"https:\/\/www.radiopresidenteibanez.cl\/web\/wp-json\/wp\/v2\/types\/post"}],"author":[{"embeddable":true,"href":"https:\/\/www.radiopresidenteibanez.cl\/web\/wp-json\/wp\/v2\/users\/2"}],"replies":[{"embeddable":true,"href":"https:\/\/www.radiopresidenteibanez.cl\/web\/wp-json\/wp\/v2\/comments?post=34436"}],"version-history":[{"count":0,"href":"https:\/\/www.radiopresidenteibanez.cl\/web\/wp-json\/wp\/v2\/posts\/34436\/revisions"}],"wp:featuredmedia":[{"embeddable":true,"href":"https:\/\/www.radiopresidenteibanez.cl\/web\/wp-json\/wp\/v2\/media\/34438"}],"wp:attachment":[{"href":"https:\/\/www.radiopresidenteibanez.cl\/web\/wp-json\/wp\/v2\/media?parent=34436"}],"wp:term":[{"taxonomy":"category","embeddable":true,"href":"https:\/\/www.radiopresidenteibanez.cl\/web\/wp-json\/wp\/v2\/categories?post=34436"},{"taxonomy":"post_tag","embeddable":true,"href":"https:\/\/www.radiopresidenteibanez.cl\/web\/wp-json\/wp\/v2\/tags?post=34436"}],"curies":[{"name":"wp","href":"https:\/\/api.w.org\/{rel}","templated":true}]}}