{"id":3442,"date":"2019-04-16T15:45:34","date_gmt":"2019-04-16T15:45:34","guid":{"rendered":"http:\/\/www.radiopresidenteibanez.cl\/web\/?p=3442"},"modified":"2019-04-16T15:45:49","modified_gmt":"2019-04-16T15:45:49","slug":"15-reos-fueron-beneficiados-con-libertad-condicional-en-magallanes","status":"publish","type":"post","link":"https:\/\/www.radiopresidenteibanez.cl\/web\/15-reos-fueron-beneficiados-con-libertad-condicional-en-magallanes\/","title":{"rendered":"15 REOS FUERON BENEFICIADOS CON LIBERTAD CONDICIONAL EN MAGALLANES"},"content":{"rendered":"\n<p>El pasado 18 de enero se promulg\u00f3\nla nueva ley para otorgar el beneficio de libertad condicional, en la ocasi\u00f3n\nuna de las exigencias es que Gendarmer\u00eda pueda elaborar el informe con los\ninternos que deban o a su juicio puedan estar en la lista de las solicitudes\npara optar a la libertad.<\/p>\n\n\n\n<p>Por lo anterior ayer lunes 15 de\nabril, sesion\u00f3 la comisi\u00f3n de libertad condicional junto a Gendarmer\u00eda quienes\nrevisaron dichos informes, en donde nueve internos de la c\u00e1rcel de Punta\nArenas, cuatro del centro de estudios y trabajo y dos de Puerto Natales, lo\ncual todos salieron con el beneficio de la libertad.<\/p>\n\n\n\n<p>En la ocasi\u00f3n el abogado defensor\npenitenciario, Pablo Chand\u00eda, expres\u00f3 que \u201cvengo trabajando con mi propio grupo\nde interior desde hace alg\u00fan tiempo, lamentablemente este listado no pudo ser\npresentado debido a que la Corte de Apelaciones, rechaz\u00f3 el recurso de\nprotecci\u00f3n a favor de cada uno de mis defendidos\u201d.<\/p>\n\n\n\n<p>El proyecto de ley define un\nmarco legal especial para el otorgamiento de la libertad condicional,\nestableciendo como premisa que este beneficio es un medio de prueba de que la\npersona condenada a una pena privativa de libertad se encuentra en proceso de\nintervenci\u00f3n para la reinserci\u00f3n social.<\/p>\n\n\n\n<p>Adem\u00e1s, determina que \u201cla\nlibertad condicional no extingue ni modifica la duraci\u00f3n de la pena, sino que\nes un modo particular de hacerla cumplir en libertad por la persona condenada\u201d.<\/p>\n\n\n\n<p>Por otro lado, el proyecto\nargumenta que las personas condenadas por los delitos de parricidio, femicidio,\nhomicidio calificado, robo con homicidio, violaci\u00f3n con homicidio, violaci\u00f3n,\ninfanticidio, s\u00f3lo podr\u00e1n postular a este beneficio cuando hubieren cumplido\ndos tercios de la pena.<\/p>\n\n\n\n<p>En cuanto a las personas\ncondenadas a dos o m\u00e1s penas, cuya suma alcance o supere los cuarenta a\u00f1os de\nprivaci\u00f3n de libertad, se se\u00f1ala, s\u00f3lo podr\u00e1n postular al beneficio de libertad\ncondicional una vez que hayan cumplido veinte a\u00f1os de reclusi\u00f3n.<\/p>\n\n\n\n<p>En tanto, las personas condenadas a presidio perpetuo por delitos contemplados en la Ley 18.314, que determina conductas terroristas podr\u00e1n postular al beneficio de la libertad condicional una vez que hayan cumplido diez a\u00f1os de pena.<\/p>\n\n\n\n<figure class=\"wp-block-image\"><img loading=\"lazy\" decoding=\"async\" width=\"730\" height=\"350\" src=\"https:\/\/www.radiopresidenteibanez.cl\/web\/wp-content\/uploads\/2019\/04\/imputado.jpg\" alt=\"\" class=\"wp-image-3443\" srcset=\"https:\/\/www.radiopresidenteibanez.cl\/web\/wp-content\/uploads\/2019\/04\/imputado.jpg 730w, https:\/\/www.radiopresidenteibanez.cl\/web\/wp-content\/uploads\/2019\/04\/imputado-300x144.jpg 300w\" sizes=\"auto, (max-width: 730px) 100vw, 730px\" \/><\/figure>\n","protected":false},"excerpt":{"rendered":"<p>El pasado 18 de enero se promulg\u00f3 la nueva ley para otorgar el beneficio de libertad condicional, en la ocasi\u00f3n una de las exigencias es que Gendarmer\u00eda pueda elaborar el&#8230; <a class=\"read-more\" href=\"https:\/\/www.radiopresidenteibanez.cl\/web\/15-reos-fueron-beneficiados-con-libertad-condicional-en-magallanes\/\">Leer m\u00e1s<\/a><\/p>\n","protected":false},"author":2,"featured_media":3443,"comment_status":"closed","ping_status":"closed","sticky":false,"template":"","format":"standard","meta":{"footnotes":""},"categories":[1],"tags":[],"class_list":["post-3442","post","type-post","status-publish","format-standard","has-post-thumbnail","hentry","category-cronica"],"_links":{"self":[{"href":"https:\/\/www.radiopresidenteibanez.cl\/web\/wp-json\/wp\/v2\/posts\/3442","targetHints":{"allow":["GET"]}}],"collection":[{"href":"https:\/\/www.radiopresidenteibanez.cl\/web\/wp-json\/wp\/v2\/posts"}],"about":[{"href":"https:\/\/www.radiopresidenteibanez.cl\/web\/wp-json\/wp\/v2\/types\/post"}],"author":[{"embeddable":true,"href":"https:\/\/www.radiopresidenteibanez.cl\/web\/wp-json\/wp\/v2\/users\/2"}],"replies":[{"embeddable":true,"href":"https:\/\/www.radiopresidenteibanez.cl\/web\/wp-json\/wp\/v2\/comments?post=3442"}],"version-history":[{"count":0,"href":"https:\/\/www.radiopresidenteibanez.cl\/web\/wp-json\/wp\/v2\/posts\/3442\/revisions"}],"wp:featuredmedia":[{"embeddable":true,"href":"https:\/\/www.radiopresidenteibanez.cl\/web\/wp-json\/wp\/v2\/media\/3443"}],"wp:attachment":[{"href":"https:\/\/www.radiopresidenteibanez.cl\/web\/wp-json\/wp\/v2\/media?parent=3442"}],"wp:term":[{"taxonomy":"category","embeddable":true,"href":"https:\/\/www.radiopresidenteibanez.cl\/web\/wp-json\/wp\/v2\/categories?post=3442"},{"taxonomy":"post_tag","embeddable":true,"href":"https:\/\/www.radiopresidenteibanez.cl\/web\/wp-json\/wp\/v2\/tags?post=3442"}],"curies":[{"name":"wp","href":"https:\/\/api.w.org\/{rel}","templated":true}]}}