{"id":34407,"date":"2022-11-11T16:19:00","date_gmt":"2022-11-11T19:19:00","guid":{"rendered":"https:\/\/www.radiopresidenteibanez.cl\/web\/?p=34407"},"modified":"2022-11-11T11:12:32","modified_gmt":"2022-11-11T14:12:32","slug":"gremios-del-turismo-de-magallanes-piden-al-gobierno-una-rapida-solucion-frente-al-problemas-de-financiamiento-de-los-parques-nacionales","status":"publish","type":"post","link":"https:\/\/www.radiopresidenteibanez.cl\/web\/gremios-del-turismo-de-magallanes-piden-al-gobierno-una-rapida-solucion-frente-al-problemas-de-financiamiento-de-los-parques-nacionales\/","title":{"rendered":"<strong>GREMIOS DEL TURISMO DE MAGALLANES PIDEN AL GOBIERNO UNA R\u00c1PIDA SOLUCI\u00d3N FRENTE AL PROBLEMAS DE FINANCIAMIENTO DE LOS PARQUES NACIONALES<\/strong>"},"content":{"rendered":"\n<p>Una urgente soluci\u00f3n frente al problema que hoy tiene paralizados a al Cuerpo de Guardaparques de CONAF de Magallanes. Ese es el llamado que realizan de manera consensuada los gremios del turismo de la regi\u00f3n al gobierno, para que de manera urgente den una salida a esta movilizaci\u00f3n que se ha mantenido por casi una semana.<\/p>\n\n\n\n<p>\u201cLos gremios tur\u00edsticos de Magallanes necesitamos que el gobierno se haga cargo del d\u00e9ficit presupuestario que hoy enfrenta no s\u00f3lo el parque nacional, sino que el sistema de \u00e1reas protegidas. Este problema, que como Asociaci\u00f3n llevamos levantando hace mucho tiempo, se arrastra desde hace a\u00f1os y se agrava a\u00fan m\u00e1s con la disminuci\u00f3n de un 25% en el presupuesto de Conaf para el 2023. Por ello, hacemos un llamado para que las autoridades lleguen a un acuerdo en el corto plazo, que permita recuperar la normalidad de la operaci\u00f3n tur\u00edstica en el destino\u201d, destac\u00f3 Crist\u00f3bal Ben\u00edtez, gerente de la Asociaci\u00f3n de Hoteles y Servicios Tur\u00edsticos de Torres del Paine<\/p>\n\n\n\n<p>Agreg\u00f3 que \u201cestamos iniciando una temporada que esperamos sea de recuperaci\u00f3n del turismo luego de la crisis sanitaria y de haber estado paralizados m\u00e1s de dos a\u00f1os por la pandemia. Por ello, es importante que el gobierno de se\u00f1ales de forma urgente, para retomar la normalidad en el Parque Torres del Paine\u201d.<\/p>\n\n\n\n<p>En esta misma l\u00ednea Paola Milosevic, presidenta de Austrochile reforz\u00f3 la necesidad de que el gobierno entregue una pronta soluci\u00f3n que permitan al sector tur\u00edstico retomar su operaci\u00f3n \u201centendemos las leg\u00edtimas y urgentes necesidades de los guardaparques, asimismo la importancia de su labor.&nbsp; Solicitamos al gobierno que se haga cargo del tema y entregue prontas soluciones. El turismo necesita trabajar y el tener cerrados los accesos en el Parque, genera un tremendo da\u00f1o a todos los prestadores de servicios. Despu\u00e9s de dos a\u00f1os dur\u00edsimos, todos ten\u00edan la esperanza de ir recuper\u00e1ndose en esta temporada y con esto seguimos golpeando al turismo cuando a\u00fan no logra levantarse\u201d<\/p>\n\n\n\n<p>En tanto Adriana Aguilar, gerente de la C\u00e1mara de Turismo \u00daltima Esperanza, manifest\u00f3, \u201clas m\u00e1s de 14 mil familias magall\u00e1nicas que dependen de la actividad tur\u00edstica de manera directa, y los cerca de 30 mil visitantes que se ten\u00edan proyectados para el mes de noviembre son quienes recibir\u00e1n los efectos negativos de la falta de atenci\u00f3n, poca sensibilizaci\u00f3n de las autoridades del nivel central y el nulo pronunciamiento del gobierno. Esta situaci\u00f3n no s\u00f3lo afecta a las empresas de turismo. Aqu\u00ed nuevamente habr\u00e1 efectos negativos sociales y el gobierno tendr\u00e1 que disponer de recursos econ\u00f3micos para apoyar a todos quienes forman parte de la cadena productiva del sector turismo\u201d.<\/p>\n\n\n\n<p>Asimismo, se plantea que es necesario, junto con resolver en el corto plazo las demandas presentadas por los guardaparques, se trabaje en una soluci\u00f3n definitiva para enfrentar el d\u00e9ficit presupuestario en los parques nacionales, aumentando as\u00ed de manera significativa el aporte fiscal y estableciendo alianzas estrat\u00e9gicas con diversos actores que permitan fortalecer su gesti\u00f3n.<\/p>\n\n\n\n<p>Finalmente, recordaron que el desarrollo tur\u00edstico en Torres del Paine contribuye aproximadamente al 40% del presupuesto total del Sistema Nacional de \u00c1reas Protegidas, a trav\u00e9s de su venta de entradas y los ingresos por concesiones, favoreciendo as\u00ed significativamente la gesti\u00f3n y conservaci\u00f3n de todos los parques nacionales.<\/p>\n","protected":false},"excerpt":{"rendered":"<p>Una urgente soluci\u00f3n frente al problema que hoy tiene paralizados a al Cuerpo de Guardaparques de CONAF de Magallanes. Ese es el llamado que realizan de manera consensuada los gremios&#8230; <a class=\"read-more\" href=\"https:\/\/www.radiopresidenteibanez.cl\/web\/gremios-del-turismo-de-magallanes-piden-al-gobierno-una-rapida-solucion-frente-al-problemas-de-financiamiento-de-los-parques-nacionales\/\">Leer m\u00e1s<\/a><\/p>\n","protected":false},"author":2,"featured_media":34408,"comment_status":"closed","ping_status":"closed","sticky":false,"template":"","format":"standard","meta":{"footnotes":""},"categories":[1],"tags":[],"class_list":["post-34407","post","type-post","status-publish","format-standard","has-post-thumbnail","hentry","category-cronica"],"_links":{"self":[{"href":"https:\/\/www.radiopresidenteibanez.cl\/web\/wp-json\/wp\/v2\/posts\/34407","targetHints":{"allow":["GET"]}}],"collection":[{"href":"https:\/\/www.radiopresidenteibanez.cl\/web\/wp-json\/wp\/v2\/posts"}],"about":[{"href":"https:\/\/www.radiopresidenteibanez.cl\/web\/wp-json\/wp\/v2\/types\/post"}],"author":[{"embeddable":true,"href":"https:\/\/www.radiopresidenteibanez.cl\/web\/wp-json\/wp\/v2\/users\/2"}],"replies":[{"embeddable":true,"href":"https:\/\/www.radiopresidenteibanez.cl\/web\/wp-json\/wp\/v2\/comments?post=34407"}],"version-history":[{"count":0,"href":"https:\/\/www.radiopresidenteibanez.cl\/web\/wp-json\/wp\/v2\/posts\/34407\/revisions"}],"wp:featuredmedia":[{"embeddable":true,"href":"https:\/\/www.radiopresidenteibanez.cl\/web\/wp-json\/wp\/v2\/media\/34408"}],"wp:attachment":[{"href":"https:\/\/www.radiopresidenteibanez.cl\/web\/wp-json\/wp\/v2\/media?parent=34407"}],"wp:term":[{"taxonomy":"category","embeddable":true,"href":"https:\/\/www.radiopresidenteibanez.cl\/web\/wp-json\/wp\/v2\/categories?post=34407"},{"taxonomy":"post_tag","embeddable":true,"href":"https:\/\/www.radiopresidenteibanez.cl\/web\/wp-json\/wp\/v2\/tags?post=34407"}],"curies":[{"name":"wp","href":"https:\/\/api.w.org\/{rel}","templated":true}]}}