{"id":34376,"date":"2022-11-10T18:26:00","date_gmt":"2022-11-10T21:26:00","guid":{"rendered":"https:\/\/www.radiopresidenteibanez.cl\/web\/?p=34376"},"modified":"2022-11-10T17:31:29","modified_gmt":"2022-11-10T20:31:29","slug":"consejeros-regionales-conocieron-cartera-de-proyectos-del-municipio-y-conclusiones-de-la-mesa-de-planificacion-territorial","status":"publish","type":"post","link":"https:\/\/www.radiopresidenteibanez.cl\/web\/consejeros-regionales-conocieron-cartera-de-proyectos-del-municipio-y-conclusiones-de-la-mesa-de-planificacion-territorial\/","title":{"rendered":"CONSEJEROS REGIONALES CONOCIERON CARTERA DE PROYECTOS DEL MUNICIPIO Y CONCLUSIONES DE LA MESA DE PLANIFICACI\u00d3N TERRITORIAL\u00a0"},"content":{"rendered":"\n<p>Como parte de las actividades vinculadas a la finalizaci\u00f3n del trabajo de la Mesa de Planificaci\u00f3n Territorial impulsada por el municipio de nuestra ciudad, el pasado mi\u00e9rcoles 9 de noviembre, se reunieron los consejeros regionales y los equipos t\u00e9cnicos de la Secretar\u00eda de Planificaci\u00f3n Comunal, encabezados por \u00c1lvaro Guzm\u00e1n, instancia en la cual se entregaron detalles del trabajo realizado y los resultados del proceso.<\/p>\n\n\n\n<p>En la ocasi\u00f3n, el Alcalde Claudio Radonich, expuso la necesidad de poder coordinar de mejor manera la inversi\u00f3n p\u00fablica, y poner \u00e9nfasis en el bien com\u00fan de los habitantes de la ciudad para crecer de manera ordenada y planificada.<\/p>\n\n\n\n<p>Es por ello que dentro de las prioridades que se han venido trabajando y que ya cuenta con financiamiento por parte del Consejo Regional, es la actualizaci\u00f3n del Plan Regulador, a lo que debiese sumarse seg\u00fan los representantes del municipio, Planes seccionales para el sector de Agua Fresca y Cabo Negro.<\/p>\n\n\n\n<p>\u201cEstamos muy contentos de concretar un trabajo que comenz\u00f3 hace m\u00e1s de un a\u00f1o, y que el d\u00eda de hoy se lo presentamos a los Consejeros Regionales, para dar cuenta de lo que hemos elaborado, pensando en lo importante de hacer un nuevo Plan Regulador, con el fin de ordenar el territorio, por lo que estamos avanzando en eso para no seguir con los problemas que tenemos, por ejemplo, las zonas inundables y que se incluyan seccionales como Agua Fresca y Cabo Negro, ordenando la industria del hidr\u00f3geno verde\u201d, detall\u00f3 Radonich.<\/p>\n\n\n\n<p>\u201cHoy, por un mal plan regulador (2016), no tenemos rodoviario porque qued\u00f3 en una zona inundable, al igual que el nuevo edificio de la PDI o Indap, entre otros ejemplos, todo por no planificar bien la ciudad\u201d, agreg\u00f3.<\/p>\n\n\n\n<p>Complementando aquello, el Director de Secplan, \u00c1lvaro Guzm\u00e1n, plante\u00f3 que \u201cesta reuni\u00f3n ten\u00eda por objetivo mostrar una s\u00edntesis de lo que fueron las mesas de trabajo de planificaci\u00f3n territorial impulsadas por el municipio, y que buscaban conocer la cartera de inversi\u00f3n de los distintos servicios, ministerios y direcciones presentes en la regi\u00f3n, con el fin de hacer m\u00e1s eficiente el gasto p\u00fablico con una mirada de largo plazo\u201d.<\/p>\n\n\n\n<p>\u201cY por otro lado, quer\u00edamos informar acerca de la cartera de proyectos a largo plazo, basada en los resultados de la mesa de trabajo, como por ejemplo la industria del hidr\u00f3geno verde, turismo, embarcaciones, tema ant\u00e1rtico, entonces la idea es poder planificar y ordenar en forma oportuna el territorio\u201d, recalc\u00f3 Guzm\u00e1n.<\/p>\n\n\n\n<p>Entre los asistentes a la convocatoria, estuvo el consejero Rodolfo C\u00e1rdenas, quien destac\u00f3 la iniciativa y manifest\u00f3 que \u201ctodas las comunas de Magallanes requieren planificaci\u00f3n, y esta es una buena estrategia de planificaci\u00f3n del territorio, que implica la conversaci\u00f3n de todos los servicios p\u00fablicos y la institucionalidad que est\u00e1 a cargo de la administraci\u00f3n como el municipio\u201d.<\/p>\n\n\n\n<p>A esto sum\u00f3 que \u201clos Gobiernos Regionales tienen la responsabilidad de aprobar los planos reguladores por ejemplo, y esperamos que con el financiamiento que se le ha dado al municipio de Punta Arenas para cumplir esa tarea, cumpla con la exigencia que la ciudadan\u00eda espera\u201d<\/p>\n\n\n\n<p>Por su lado, la consejera Roxana Gallardo, insisti\u00f3 que \u201chay que trabajar en conjunto y todos los organismos coordinados, as\u00ed que ojal\u00e1 podamos tener una reuni\u00f3n con el concejo municipal completo, porque la gente est\u00e1 aburrida de que los servicios planifiquen algo y el municipio otra cosa, y despu\u00e9s terminamos haciendo doble esfuerzo, as\u00ed que la idea es poder invertir mejor. El Plan Regulador es muy necesario, por lo tanto es urgente y qued\u00f3 chico, as\u00ed que agradecidos por esta exposici\u00f3n y poder seguir colaborando\u201d.<\/p>\n\n\n\n<p>Para el Alcalde de Punta Arenas la l\u00f3gica es que las nuevas calles, avenidas, barrios, etc\u00e9tera, sean coherentes unas con otras, pensando en una visi\u00f3n global. \u201cLo que queremos es tener una visi\u00f3n de ciudad, y que los proyectos que est\u00e1n pendientes se puedan financiar y ejecutar con el apoyo de ellos. Queremos que la planificaci\u00f3n sea un eje, y que los servicios p\u00fablicos entiendan que estas reuniones no son una p\u00e9rdida de tiempo, sino una inversi\u00f3n en el futuro, que significar\u00e1 ocupar bien la plata de todos y que nuestros vecinos no sufran las consecuencias por la mala planificaci\u00f3n de la ciudad\u201d.<\/p>\n","protected":false},"excerpt":{"rendered":"<p>Como parte de las actividades vinculadas a la finalizaci\u00f3n del trabajo de la Mesa de Planificaci\u00f3n Territorial impulsada por el municipio de nuestra ciudad, el pasado mi\u00e9rcoles 9 de noviembre,&#8230; <a class=\"read-more\" href=\"https:\/\/www.radiopresidenteibanez.cl\/web\/consejeros-regionales-conocieron-cartera-de-proyectos-del-municipio-y-conclusiones-de-la-mesa-de-planificacion-territorial\/\">Leer m\u00e1s<\/a><\/p>\n","protected":false},"author":2,"featured_media":34377,"comment_status":"closed","ping_status":"closed","sticky":false,"template":"","format":"standard","meta":{"footnotes":""},"categories":[1],"tags":[],"class_list":["post-34376","post","type-post","status-publish","format-standard","has-post-thumbnail","hentry","category-cronica"],"_links":{"self":[{"href":"https:\/\/www.radiopresidenteibanez.cl\/web\/wp-json\/wp\/v2\/posts\/34376","targetHints":{"allow":["GET"]}}],"collection":[{"href":"https:\/\/www.radiopresidenteibanez.cl\/web\/wp-json\/wp\/v2\/posts"}],"about":[{"href":"https:\/\/www.radiopresidenteibanez.cl\/web\/wp-json\/wp\/v2\/types\/post"}],"author":[{"embeddable":true,"href":"https:\/\/www.radiopresidenteibanez.cl\/web\/wp-json\/wp\/v2\/users\/2"}],"replies":[{"embeddable":true,"href":"https:\/\/www.radiopresidenteibanez.cl\/web\/wp-json\/wp\/v2\/comments?post=34376"}],"version-history":[{"count":0,"href":"https:\/\/www.radiopresidenteibanez.cl\/web\/wp-json\/wp\/v2\/posts\/34376\/revisions"}],"wp:featuredmedia":[{"embeddable":true,"href":"https:\/\/www.radiopresidenteibanez.cl\/web\/wp-json\/wp\/v2\/media\/34377"}],"wp:attachment":[{"href":"https:\/\/www.radiopresidenteibanez.cl\/web\/wp-json\/wp\/v2\/media?parent=34376"}],"wp:term":[{"taxonomy":"category","embeddable":true,"href":"https:\/\/www.radiopresidenteibanez.cl\/web\/wp-json\/wp\/v2\/categories?post=34376"},{"taxonomy":"post_tag","embeddable":true,"href":"https:\/\/www.radiopresidenteibanez.cl\/web\/wp-json\/wp\/v2\/tags?post=34376"}],"curies":[{"name":"wp","href":"https:\/\/api.w.org\/{rel}","templated":true}]}}