{"id":3436,"date":"2019-04-16T15:36:33","date_gmt":"2019-04-16T15:36:33","guid":{"rendered":"http:\/\/www.radiopresidenteibanez.cl\/web\/?p=3436"},"modified":"2019-04-16T15:40:05","modified_gmt":"2019-04-16T15:40:05","slug":"consejo-regional-de-magallanes-sesiono-en-puerto-williams-con-la-presencia-del-intendente-jose-fernandez","status":"publish","type":"post","link":"https:\/\/www.radiopresidenteibanez.cl\/web\/consejo-regional-de-magallanes-sesiono-en-puerto-williams-con-la-presencia-del-intendente-jose-fernandez\/","title":{"rendered":"CONSEJO REGIONAL DE MAGALLANES SESION\u00d3 EN PUERTO WILLIAMS"},"content":{"rendered":"\n<p>Comenzando la calendarizaci\u00f3n\nrealizada a principios de marzo por parte del Consejo Regional de Magallanes,\neste lunes 15 de abril sesion\u00f3 el CORE en la ciudad m\u00e1s austral del mundo,\nPuerto Williams, con la presencia de la m\u00e1xima autoridad regional, Jos\u00e9\nFern\u00e1ndez, as\u00ed tambi\u00e9n viajaron la seremi de Econom\u00eda, Natalia Easton y el\nSeremi de Medio Ambiente, Eduardo Schiappacasse.<\/p>\n\n\n\n<p>En la oportunidad tambi\u00e9n las\nautoridades se reunieron con los representantes del pueblo Yagan y otras\npersonas que se encuentran en contra de la instalaci\u00f3n de las salmoneras en\nCabo de Hornos, para ver las acciones a seguir por ambas partes.<\/p>\n\n\n\n<p>En este sentido el intendente de\nla Regi\u00f3n de Magallanes y Ant\u00e1rtica Chilena, Jos\u00e9 Fern\u00e1ndez, coment\u00f3 que \u201ces\nimportante estas visitas a las distintas comunas y ciudades de la regi\u00f3n, con\nesto se busca saber por parte de los mismos habitantes cu\u00e1les son sus\nproblem\u00e1ticas y as\u00ed trabajar para solucionarlos\u201d.<\/p>\n\n\n\n<p>Por su parte el presidente del\nConsejo Regional, Tolentino Soto, expres\u00f3 que \u201cfue una visita necesaria, hab\u00eda que\no\u00edr sus quejas, donde la m\u00e1s importante es la situaci\u00f3n de las salmoneras, es\npor esto que las autoridades volvemos a Punta Arenas, con harto trabajo que sin\nduda debemos solucionar\u201d.<\/p>\n\n\n\n<p>La agenda del Consejo Regional en\nlas distintas comunas de Magallanes sigue el 31 de mayo, en Puerto Natales; el\n10 de junio, en R\u00edo Verde; y el 17 de junio, en Porvenir.<\/p>\n\n\n\n<p>Posteriormente, el pleno se trasladar\u00e1 el 2 de septiembre, a Laguna Blanca; el 7 de octubre, a Timaukel, el 14 de octubre, a San Gregorio; el 4 de noviembre, a Primavera; el 18 de noviembre, a Puerto Williams; y finalmente, el 16 de diciembre, a la comuna de Torres del Payne.<\/p>\n\n\n\n<ul class=\"wp-block-gallery columns-2 is-cropped wp-block-gallery-1 is-layout-flex wp-block-gallery-is-layout-flex\"><li class=\"blocks-gallery-item\"><figure><img loading=\"lazy\" decoding=\"async\" width=\"1024\" height=\"768\" src=\"https:\/\/www.radiopresidenteibanez.cl\/web\/wp-content\/uploads\/2019\/04\/IMG-20190415-WA0021-1024x768.jpg\" alt=\"\" data-id=\"3437\" data-link=\"https:\/\/www.radiopresidenteibanez.cl\/web\/?attachment_id=3437\" class=\"wp-image-3437\" srcset=\"https:\/\/www.radiopresidenteibanez.cl\/web\/wp-content\/uploads\/2019\/04\/IMG-20190415-WA0021-1024x768.jpg 1024w, https:\/\/www.radiopresidenteibanez.cl\/web\/wp-content\/uploads\/2019\/04\/IMG-20190415-WA0021-300x225.jpg 300w, https:\/\/www.radiopresidenteibanez.cl\/web\/wp-content\/uploads\/2019\/04\/IMG-20190415-WA0021-768x576.jpg 768w, https:\/\/www.radiopresidenteibanez.cl\/web\/wp-content\/uploads\/2019\/04\/IMG-20190415-WA0021.jpg 1280w\" sizes=\"auto, (max-width: 1024px) 100vw, 1024px\" \/><\/figure><\/li><li class=\"blocks-gallery-item\"><figure><img loading=\"lazy\" decoding=\"async\" width=\"1024\" height=\"768\" src=\"https:\/\/www.radiopresidenteibanez.cl\/web\/wp-content\/uploads\/2019\/04\/IMG-20190415-WA0049-1024x768.jpg\" alt=\"\" data-id=\"3438\" data-link=\"https:\/\/www.radiopresidenteibanez.cl\/web\/?attachment_id=3438\" class=\"wp-image-3438\" srcset=\"https:\/\/www.radiopresidenteibanez.cl\/web\/wp-content\/uploads\/2019\/04\/IMG-20190415-WA0049-1024x768.jpg 1024w, https:\/\/www.radiopresidenteibanez.cl\/web\/wp-content\/uploads\/2019\/04\/IMG-20190415-WA0049-300x225.jpg 300w, https:\/\/www.radiopresidenteibanez.cl\/web\/wp-content\/uploads\/2019\/04\/IMG-20190415-WA0049-768x576.jpg 768w, https:\/\/www.radiopresidenteibanez.cl\/web\/wp-content\/uploads\/2019\/04\/IMG-20190415-WA0049.jpg 1280w\" sizes=\"auto, (max-width: 1024px) 100vw, 1024px\" \/><\/figure><\/li><\/ul>\n","protected":false},"excerpt":{"rendered":"<p>Comenzando la calendarizaci\u00f3n realizada a principios de marzo por parte del Consejo Regional de Magallanes, este lunes 15 de abril sesion\u00f3 el CORE en la ciudad m\u00e1s austral del mundo,&#8230; <a class=\"read-more\" href=\"https:\/\/www.radiopresidenteibanez.cl\/web\/consejo-regional-de-magallanes-sesiono-en-puerto-williams-con-la-presencia-del-intendente-jose-fernandez\/\">Leer m\u00e1s<\/a><\/p>\n","protected":false},"author":2,"featured_media":3438,"comment_status":"closed","ping_status":"closed","sticky":false,"template":"","format":"standard","meta":{"footnotes":""},"categories":[1,5],"tags":[],"class_list":["post-3436","post","type-post","status-publish","format-standard","has-post-thumbnail","hentry","category-cronica","category-politica"],"_links":{"self":[{"href":"https:\/\/www.radiopresidenteibanez.cl\/web\/wp-json\/wp\/v2\/posts\/3436","targetHints":{"allow":["GET"]}}],"collection":[{"href":"https:\/\/www.radiopresidenteibanez.cl\/web\/wp-json\/wp\/v2\/posts"}],"about":[{"href":"https:\/\/www.radiopresidenteibanez.cl\/web\/wp-json\/wp\/v2\/types\/post"}],"author":[{"embeddable":true,"href":"https:\/\/www.radiopresidenteibanez.cl\/web\/wp-json\/wp\/v2\/users\/2"}],"replies":[{"embeddable":true,"href":"https:\/\/www.radiopresidenteibanez.cl\/web\/wp-json\/wp\/v2\/comments?post=3436"}],"version-history":[{"count":0,"href":"https:\/\/www.radiopresidenteibanez.cl\/web\/wp-json\/wp\/v2\/posts\/3436\/revisions"}],"wp:featuredmedia":[{"embeddable":true,"href":"https:\/\/www.radiopresidenteibanez.cl\/web\/wp-json\/wp\/v2\/media\/3438"}],"wp:attachment":[{"href":"https:\/\/www.radiopresidenteibanez.cl\/web\/wp-json\/wp\/v2\/media?parent=3436"}],"wp:term":[{"taxonomy":"category","embeddable":true,"href":"https:\/\/www.radiopresidenteibanez.cl\/web\/wp-json\/wp\/v2\/categories?post=3436"},{"taxonomy":"post_tag","embeddable":true,"href":"https:\/\/www.radiopresidenteibanez.cl\/web\/wp-json\/wp\/v2\/tags?post=3436"}],"curies":[{"name":"wp","href":"https:\/\/api.w.org\/{rel}","templated":true}]}}