{"id":34351,"date":"2022-11-09T18:36:00","date_gmt":"2022-11-09T21:36:00","guid":{"rendered":"https:\/\/www.radiopresidenteibanez.cl\/web\/?p=34351"},"modified":"2022-11-09T17:47:00","modified_gmt":"2022-11-09T20:47:00","slug":"gobierno-presenta-plan-de-3-200-kilometros-de-cortafuegos-para-prevenir-incendios-forestales-entre-atacama-y-magallanes","status":"publish","type":"post","link":"https:\/\/www.radiopresidenteibanez.cl\/web\/gobierno-presenta-plan-de-3-200-kilometros-de-cortafuegos-para-prevenir-incendios-forestales-entre-atacama-y-magallanes\/","title":{"rendered":"<strong>Gobierno presenta plan de 3.200 kil\u00f3metros de cortafuegos para prevenir incendios forestales entre Atacama y Magallanes\u00a0<\/strong>"},"content":{"rendered":"\n<p>Los ministros de Agricultura, Esteban Valenzuela, y de Obras P\u00fablicas, Juan Carlos Garc\u00eda, junto al Director ejecutivo de CONAF, Christian Little, dieron a conocer el plan nacional de cortafuegos 2022-2023, acci\u00f3n conjunta liderada por CONAF, que surge por el riesgo de incendios forestales proyectados para los pr\u00f3ximos meses y en la que se ha considerado prioritario ejecutar un plan de obras de eliminaci\u00f3n de combustible vegetal con la construcci\u00f3n de cortafuegos preventivos, cortacombustible y fajas libres de vegetaci\u00f3n, con \u00e9nfasis en zonas de interfaz urbano rural.&nbsp;<\/p>\n\n\n\n<p>En esta l\u00ednea, el ministro de Agricultura, Esteban Valenzuela se\u00f1al\u00f3 la relevancia de los cortafuegos, sobre todo en el interfaz urbano rural. \u201cAnte la emergencia clim\u00e1tica mundial, que tambi\u00e9n afecta a nuestro pa\u00eds, tenemos actuar con el m\u00e1ximo de recursos, el m\u00e1ximo de voluntad y como ha pedido el Presidente Boric, que ha fortalecido el presupuesto de Conaf en incendios, el m\u00e1ximo de colaboraci\u00f3n entre los ministerios. Los incendios tienen que quedar atr\u00e1s y los ministerios que pueden contribuir en esto de manera decisiva, optimizar, multiplicar los esfuerzos pasados y es por eso que como Ministerio de Agricultura silvoagropecuario es que tenemos la responsabilidad en los bosques del pa\u00eds\u201d, dijo la autoridad.&nbsp;<\/p>\n\n\n\n<p>El Ministro Valenzuela realiz\u00f3 un llamado a \u201cla corresponsabilidad: municipios, gobiernos regionales, comunidades. Todos tenemos que ser ojos y responsables para evitar los incendios. Duplicamos las unidades de investigaci\u00f3n para que no queden impunes quienes producen los incendios. Tambi\u00e9n crecimos en el trabajo con la comunidad. Vamos a llegar casi a 300 brigadas este a\u00f1o, con m\u00e1s de 3 mil trabajadores por todo el pa\u00eds. Como se comprometi\u00f3 va a haber helic\u00f3ptero para la Regi\u00f3n de Coquimbo (\u2026) pero necesitamos que las empresas sean estrictas en cumplir las normas de mantenci\u00f3n de los tendidos el\u00e9ctricos y tener despejadas las \u00e1reas\u201d.&nbsp;<\/p>\n\n\n\n<p>El ministro de Obras P\u00fablicas, Juan Carlos Garc\u00eda, inform\u00f3 que: \u201cEste a\u00f1o haremos 3.200 kil\u00f3metros de cortafuegos, es decir, 300 km m\u00e1s que en 2021. Para eso, tenemos a disposici\u00f3n 1.500 trabajadores de la Direcci\u00f3n de Vialidad del ministerio de Obras P\u00fablicas junto a mil maquinarias disponibles tanto para las labores preventivas como para cuando Conaf nos llame para apoyar la contenci\u00f3n de los incendios\u201d.&nbsp;<\/p>\n\n\n\n<p>\u201cPor mandato del Presidente Gabriel Boric, vamos a reforzar el equipo de Vialidad en terreno, y para el Presupuesto 2023, que est\u00e1 actualmente en discusi\u00f3n en el Congreso, tenemos inversiones muy importantes en reforzar los equipos, en maquinarias, pero tambi\u00e9n en puntos de posada, que son lugares donde pueden llegar los helic\u00f3pteros, para apoyar las acciones de emergencia\u201d, agreg\u00f3 el Ministro Garc\u00eda.&nbsp;<\/p>\n\n\n\n<p>En tanto, el Director ejecutivo de CONAF, Christian Little, se\u00f1al\u00f3: \u201cAgradezco la disposici\u00f3n del personal y maquinarias, del MOP, que por supuesto aportan a la labor preventiva&nbsp; de extinci\u00f3n de los Incendios. Nuestra agenda de prevenci\u00f3n de incendios la hemos fortalecido, por eso se duplic\u00f3 el presupuesto en esta materia para el periodo 2022-23. Hacemos el llamado a la ciudadan\u00eda a colaborar activamente en la prevenci\u00f3n. Queremos entregar seguridad que CONAF tiene todos los recursos disponibles para combatir los incendios de forma oportuna. El llamado es a los gobiernos locales y regionales que nos apoyen en esta labor de prevenci\u00f3n\u201d.&nbsp;<\/p>\n\n\n\n<p>El plan nacional de cortafuegos 2022-2023, considera la ejecuci\u00f3n de un total de 3.199 kil\u00f3metros, los cuales se distribuyen en regiones de la siguiente forma:&nbsp; Atacama (4 km), Coquimbo (40 km), Valpara\u00edso (371 km), Metropolitana (350 km), O\u00b4Higgins (385 km), Maule (390 km), \u00d1uble (310), Biob\u00edo (660 km), Araucan\u00eda (330 km), Los R\u00edos (110 km), Los Lagos (162 km), Ays\u00e9n (41 km) y Magallanes (47 km)&nbsp;&nbsp;&nbsp;<\/p>\n\n\n\n<p>Los trabajos ser\u00e1n ejecutados, en una planificaci\u00f3n conjunta entre CONAF, MOP, Municipios, empresas y particulares. El Ministerio de Obras P\u00fablicas construir\u00e1 un total de 2.043 kil\u00f3metros y para llevar adelante estas labores y las de emergencia por incendios forestales, desplegar\u00e1 cerca de 1.500 funcionarios y funcionarias de la Direcci\u00f3n de Vialidad, principalmente, operarios de maquinaria pesada como: motoniveladoras, retroexcavadoras, bulldozer y camiones aljibes, entre otros.&nbsp;&nbsp;&nbsp;&nbsp;&nbsp;<\/p>\n\n\n\n<p>El 99,7% de los incendios forestales son provocados por acci\u00f3n humana, por ello el llamado a todas las personas es a denunciar cualquier situaci\u00f3n sospechosa al tel\u00e9fono de emergencia de CONAF: 130.<\/p>\n","protected":false},"excerpt":{"rendered":"<p>Los ministros de Agricultura, Esteban Valenzuela, y de Obras P\u00fablicas, Juan Carlos Garc\u00eda, junto al Director ejecutivo de CONAF, Christian Little, dieron a conocer el plan nacional de cortafuegos 2022-2023,&#8230; <a class=\"read-more\" href=\"https:\/\/www.radiopresidenteibanez.cl\/web\/gobierno-presenta-plan-de-3-200-kilometros-de-cortafuegos-para-prevenir-incendios-forestales-entre-atacama-y-magallanes\/\">Leer m\u00e1s<\/a><\/p>\n","protected":false},"author":2,"featured_media":34352,"comment_status":"closed","ping_status":"closed","sticky":false,"template":"","format":"standard","meta":{"footnotes":""},"categories":[1],"tags":[],"class_list":["post-34351","post","type-post","status-publish","format-standard","has-post-thumbnail","hentry","category-cronica"],"_links":{"self":[{"href":"https:\/\/www.radiopresidenteibanez.cl\/web\/wp-json\/wp\/v2\/posts\/34351","targetHints":{"allow":["GET"]}}],"collection":[{"href":"https:\/\/www.radiopresidenteibanez.cl\/web\/wp-json\/wp\/v2\/posts"}],"about":[{"href":"https:\/\/www.radiopresidenteibanez.cl\/web\/wp-json\/wp\/v2\/types\/post"}],"author":[{"embeddable":true,"href":"https:\/\/www.radiopresidenteibanez.cl\/web\/wp-json\/wp\/v2\/users\/2"}],"replies":[{"embeddable":true,"href":"https:\/\/www.radiopresidenteibanez.cl\/web\/wp-json\/wp\/v2\/comments?post=34351"}],"version-history":[{"count":0,"href":"https:\/\/www.radiopresidenteibanez.cl\/web\/wp-json\/wp\/v2\/posts\/34351\/revisions"}],"wp:featuredmedia":[{"embeddable":true,"href":"https:\/\/www.radiopresidenteibanez.cl\/web\/wp-json\/wp\/v2\/media\/34352"}],"wp:attachment":[{"href":"https:\/\/www.radiopresidenteibanez.cl\/web\/wp-json\/wp\/v2\/media?parent=34351"}],"wp:term":[{"taxonomy":"category","embeddable":true,"href":"https:\/\/www.radiopresidenteibanez.cl\/web\/wp-json\/wp\/v2\/categories?post=34351"},{"taxonomy":"post_tag","embeddable":true,"href":"https:\/\/www.radiopresidenteibanez.cl\/web\/wp-json\/wp\/v2\/tags?post=34351"}],"curies":[{"name":"wp","href":"https:\/\/api.w.org\/{rel}","templated":true}]}}