{"id":34336,"date":"2022-11-09T12:10:00","date_gmt":"2022-11-09T15:10:00","guid":{"rendered":"https:\/\/www.radiopresidenteibanez.cl\/web\/?p=34336"},"modified":"2022-11-09T09:49:32","modified_gmt":"2022-11-09T12:49:32","slug":"seremi-de-salud-entrega-guia-de-oferta-de-atenciones-de-salud-destinado-a-familias-migrantes","status":"publish","type":"post","link":"https:\/\/www.radiopresidenteibanez.cl\/web\/seremi-de-salud-entrega-guia-de-oferta-de-atenciones-de-salud-destinado-a-familias-migrantes\/","title":{"rendered":"<strong>SEREMI DE SALUD ENTREGA GU\u00cdA DE OFERTA DE ATENCIONES DE SALUD DESTINADO A FAMILIAS MIGRANTES<\/strong>"},"content":{"rendered":"\n<p>Con el objetivo de contribuir a instancias de informaci\u00f3n oficial para la atenci\u00f3n de salud en la poblaci\u00f3n migrante, se desarroll\u00f3 esta tarde en el CECOSF Sandra Vargas la presentaci\u00f3n de material gr\u00e1fico que se distribuir\u00e1 en la red asistencial de la regi\u00f3n.<\/p>\n\n\n\n<p>Se trat\u00f3 de una actividad a cargo de la SEREMI de Salud Magallanes y en la cual participaron el Servicio de Salud, Cormupa y residentes migrantes del sector. En la ocasi\u00f3n se realiz\u00f3 la entrega de material gr\u00e1fico de Salud y Migrantes a la directora del CECOSF Sandra Vargas, Ver\u00f3nica Rosas y su equipo, consistente en una Gu\u00eda de Atenciones de Salud, un volante de difusi\u00f3n de Derechos en Ni\u00f1os, Ni\u00f1as y Adolescentes (NNA) migrantes y un volante de Difusi\u00f3n de Salud Responde.<\/p>\n\n\n\n<p>Susan Mayor, referente de este programa en la Serem\u00eda, explic\u00f3 que \u201cen algunos de los conversatorios que se han desarrollado con comunidades migrantes, ellos han manifestado que al llegar a Chile se encuentran con una serie de siglas en el sistema p\u00fablico que dificulta el entendimiento y acceso a las prestaciones como Fonasa, Isapre, Cesfam, entre otras. A su vez, el modelo de salud es distinto al de su pa\u00eds de origen, por lo tanto, deben conocerlo y comprender c\u00f3mo funciona. Este material, les ayudar\u00e1 de manera did\u00e1ctica aprender c\u00f3mo funciona y c\u00f3mo pueden acceder a la red de salud\u201d.<\/p>\n\n\n\n<p>La SEREMI de Salud de Magallanes, Francisca Sanfuentes, se\u00f1al\u00f3 que \u201cen el contexto del trabajo que realiza esta Secretar\u00eda con la poblaci\u00f3n migrante y en el marco de la universalizaci\u00f3n de la atenci\u00f3n primaria, hemos desarrollado este material gr\u00e1fico que tiene el objetivo de poder informar a dicha poblaci\u00f3n acerca de cu\u00e1l es la red de salud que disponemos en la regi\u00f3n, cu\u00e1les son las distintas prestaciones, como inscribirse en un CESFAM, c\u00f3mo pedir una hora. Esto es muy importante porque nosotros hemos visto como en los \u00faltimos a\u00f1os nuestra regi\u00f3n ha aumentado la poblaci\u00f3n migrante y tambi\u00e9n sabemos que a veces hay algunas barreras para el acceso, en parte por desconocimiento, otras veces por aprensiones que puedan tener\u201d.<\/p>\n\n\n\n<p>Susan Mayor aclar\u00f3&nbsp; que las personas en situaci\u00f3n migratoria regular tienen iguales derechos en salud que los nacionales, en tanto, quienes no lo est\u00e9n pueden acercarse al \u00e1rea social de los establecimientos de salud. \u201cEn ambos casos se\u00f1al\u00f3 se observan barreras que dificultan el acceso a la atenci\u00f3n de salud. Algunas de \u00e9stas son administrativas, culturales, de desconocimiento del funcionamiento del sistema de salud, de sus derechos y deberes en salud, del financiamiento asociados a la atenci\u00f3n de salud y de falta de sensibilidad y conocimiento del fen\u00f3meno migratorio por parte del sistema de salud\u201d, acot\u00f3.<\/p>\n\n\n\n<p>Mar\u00eda Fern\u00e1ndez, proveniente de Colombia y usuaria del Cecosf, valor\u00f3 esta iniciativa y la entrega de este material, el cual ser\u00e1 de gran utilidad para ir conociendo y replicando la informaci\u00f3n a otros pares ya que \u201cal llegar a un pa\u00eds distinto, estamos desorientados y esta Gu\u00eda nos ayudar\u00e1\u201d.<\/p>\n\n\n\n<p>La encargada del Cecosf, enfermera Ver\u00f3nica Rosas, manifest\u00f3 que tiene una poblaci\u00f3n de cinco mil usuarios, de los cuales son 160 son migrantes, principalmente de Centroam\u00e9rica. \u201cEl contar con este material apoyar\u00e1 el trabajo territorial que realiza la asistente social para captar a la poblaci\u00f3n migrante que a\u00fan no se han inscrito en el Cesfam y as\u00ed aumentar la cobertura\u201d.<\/p>\n\n\n\n<p>La Gu\u00eda fue elaborada a partir de Modelo creado por profesional Sandra Montiel del CESFAM 18 de Septiembre de la Corporaci\u00f3n Municipal de Punta Arenas. Este material contempla diversas secciones como: acceso a la salud, consideraciones en la Atenci\u00f3n de salud Primaria, Prestaciones de Salud seg\u00fan grupos etarios y programas espec\u00edficos, test r\u00e1pido de VIH, programas alimentarios, Derechos y Deberes de las Personas en su Atenci\u00f3n en Salud, Programas Comunitarios, Ex\u00e1menes Preventivos de C\u00e1ncer y un detalle con los establecimientos y su direcci\u00f3n, tel\u00e9fono y horarios de atenci\u00f3n.<\/p>\n\n\n\n<p>Seg\u00fan informaci\u00f3n de personas extranjeras residentes en Chile<a href=\"#_ftn1\" id=\"_ftnref1\">[1]<\/a>, en Magallanes se estima que son 9.956 personas. El colectivo de personas extranjeras de Colombia es el principal en la regi\u00f3n, con 27,3% del total. Luego se ubica Venezuela, con 24,2% y en tercer lugar se ubica Argentina.<\/p>\n\n\n\n<hr class=\"wp-block-separator has-alpha-channel-opacity\"\/>\n\n\n\n<p><\/p>\n","protected":false},"excerpt":{"rendered":"<p>Con el objetivo de contribuir a instancias de informaci\u00f3n oficial para la atenci\u00f3n de salud en la poblaci\u00f3n migrante, se desarroll\u00f3 esta tarde en el CECOSF Sandra Vargas la presentaci\u00f3n&#8230; <a class=\"read-more\" href=\"https:\/\/www.radiopresidenteibanez.cl\/web\/seremi-de-salud-entrega-guia-de-oferta-de-atenciones-de-salud-destinado-a-familias-migrantes\/\">Leer m\u00e1s<\/a><\/p>\n","protected":false},"author":2,"featured_media":34337,"comment_status":"closed","ping_status":"closed","sticky":false,"template":"","format":"standard","meta":{"footnotes":""},"categories":[1],"tags":[],"class_list":["post-34336","post","type-post","status-publish","format-standard","has-post-thumbnail","hentry","category-cronica"],"_links":{"self":[{"href":"https:\/\/www.radiopresidenteibanez.cl\/web\/wp-json\/wp\/v2\/posts\/34336","targetHints":{"allow":["GET"]}}],"collection":[{"href":"https:\/\/www.radiopresidenteibanez.cl\/web\/wp-json\/wp\/v2\/posts"}],"about":[{"href":"https:\/\/www.radiopresidenteibanez.cl\/web\/wp-json\/wp\/v2\/types\/post"}],"author":[{"embeddable":true,"href":"https:\/\/www.radiopresidenteibanez.cl\/web\/wp-json\/wp\/v2\/users\/2"}],"replies":[{"embeddable":true,"href":"https:\/\/www.radiopresidenteibanez.cl\/web\/wp-json\/wp\/v2\/comments?post=34336"}],"version-history":[{"count":0,"href":"https:\/\/www.radiopresidenteibanez.cl\/web\/wp-json\/wp\/v2\/posts\/34336\/revisions"}],"wp:featuredmedia":[{"embeddable":true,"href":"https:\/\/www.radiopresidenteibanez.cl\/web\/wp-json\/wp\/v2\/media\/34337"}],"wp:attachment":[{"href":"https:\/\/www.radiopresidenteibanez.cl\/web\/wp-json\/wp\/v2\/media?parent=34336"}],"wp:term":[{"taxonomy":"category","embeddable":true,"href":"https:\/\/www.radiopresidenteibanez.cl\/web\/wp-json\/wp\/v2\/categories?post=34336"},{"taxonomy":"post_tag","embeddable":true,"href":"https:\/\/www.radiopresidenteibanez.cl\/web\/wp-json\/wp\/v2\/tags?post=34336"}],"curies":[{"name":"wp","href":"https:\/\/api.w.org\/{rel}","templated":true}]}}