{"id":34297,"date":"2022-11-08T11:10:00","date_gmt":"2022-11-08T14:10:00","guid":{"rendered":"https:\/\/www.radiopresidenteibanez.cl\/web\/?p=34297"},"modified":"2022-11-08T09:42:20","modified_gmt":"2022-11-08T12:42:20","slug":"subsecretaria-de-educacion-superior-inaugura-3er-foro-academico-chile-suecia-en-punta-arenas","status":"publish","type":"post","link":"https:\/\/www.radiopresidenteibanez.cl\/web\/subsecretaria-de-educacion-superior-inaugura-3er-foro-academico-chile-suecia-en-punta-arenas\/","title":{"rendered":"<strong>Subsecretaria de Educaci\u00f3n Superior inaugura 3er Foro Acad\u00e9mico Chile-Suecia en Punta Arenas\u00a0<\/strong>"},"content":{"rendered":"\n<p>La Subsecretaria de Educaci\u00f3n Superior, Ver\u00f3nica Figueroa Huencho, inaugur\u00f3 el Foro Acad\u00e9mico Chile Suecia, organizado por la plataforma ACCESS (Academic Collaboration Chile Sweden) que re\u00fane a m\u00e1s de 170 investigadores provenientes de ambos pa\u00edses.&nbsp;&nbsp;<\/p>\n\n\n\n<p>Previo al evento, la Subsecretaria desarroll\u00f3 una intensa agenda que parti\u00f3 con una reuni\u00f3n protocolar con la delegada presidencial de la regi\u00f3n, Luz Berm\u00fadez Sandoval y el Seremi de Educaci\u00f3n, Valent\u00edn Aguilera G\u00f3mez. Posteriormente&nbsp;se traslad\u00f3 hasta la Universidad de Magallanes, donde estuvo con equipos directivos de la casa de estudios.&nbsp;&nbsp;<\/p>\n\n\n\n<p>La subsecretaria valor\u00f3 estos espacios de vinculaci\u00f3n con autoridades locales, se\u00f1alando que \u201ccompartimos una jornada donde abordamos los desaf\u00edos de la educaci\u00f3n superior en las zonas extremas, adem\u00e1s del compromiso por avanzar en las grandes transformaciones con perspectiva territorial\u201d.&nbsp;<\/p>\n\n\n\n<p>En la tarde, junto al Embajador de Suecia en Chile, Tomas Wiklund, particip\u00f3 en una jornada de trabajo con representantes de las instituciones fundadoras de la Plataforma ACCESS. El objetivo de la reuni\u00f3n fue presentar el trabajo y proyecciones de ACCESS para los pr\u00f3ximos a\u00f1os, en lo cual es central la cooperaci\u00f3n entre las instituciones p\u00fablicas de educaci\u00f3n, ciencia y tecnolog\u00eda.&nbsp;<\/p>\n\n\n\n<p>Al finalizar el d\u00eda la Subsecretaria encabez\u00f3 la ceremonia de inauguraci\u00f3n del Foro Chile Suecia que se llev\u00f3 a cabo en el teatro municipal de Punta Arenas.&nbsp;<\/p>\n\n\n\n<p>En su segunda jornada en la regi\u00f3n, la Subsecretaria asistir\u00e1 a la primera ceremonia de titulaci\u00f3n del Centro de Formaci\u00f3n T\u00e9cnica Estatal de Magallanes, que coincide con el tercer aniversario de la instituci\u00f3n. Adem\u00e1s, visitar\u00e1 las instalaciones y sostendr\u00e1 reuniones con los equipos de trabajo del CFT.&nbsp;<\/p>\n","protected":false},"excerpt":{"rendered":"<p>La Subsecretaria de Educaci\u00f3n Superior, Ver\u00f3nica Figueroa Huencho, inaugur\u00f3 el Foro Acad\u00e9mico Chile Suecia, organizado por la plataforma ACCESS (Academic Collaboration Chile Sweden) que re\u00fane a m\u00e1s de 170 investigadores&#8230; <a class=\"read-more\" href=\"https:\/\/www.radiopresidenteibanez.cl\/web\/subsecretaria-de-educacion-superior-inaugura-3er-foro-academico-chile-suecia-en-punta-arenas\/\">Leer m\u00e1s<\/a><\/p>\n","protected":false},"author":2,"featured_media":34298,"comment_status":"closed","ping_status":"closed","sticky":false,"template":"","format":"standard","meta":{"footnotes":""},"categories":[1],"tags":[],"class_list":["post-34297","post","type-post","status-publish","format-standard","has-post-thumbnail","hentry","category-cronica"],"_links":{"self":[{"href":"https:\/\/www.radiopresidenteibanez.cl\/web\/wp-json\/wp\/v2\/posts\/34297","targetHints":{"allow":["GET"]}}],"collection":[{"href":"https:\/\/www.radiopresidenteibanez.cl\/web\/wp-json\/wp\/v2\/posts"}],"about":[{"href":"https:\/\/www.radiopresidenteibanez.cl\/web\/wp-json\/wp\/v2\/types\/post"}],"author":[{"embeddable":true,"href":"https:\/\/www.radiopresidenteibanez.cl\/web\/wp-json\/wp\/v2\/users\/2"}],"replies":[{"embeddable":true,"href":"https:\/\/www.radiopresidenteibanez.cl\/web\/wp-json\/wp\/v2\/comments?post=34297"}],"version-history":[{"count":0,"href":"https:\/\/www.radiopresidenteibanez.cl\/web\/wp-json\/wp\/v2\/posts\/34297\/revisions"}],"wp:featuredmedia":[{"embeddable":true,"href":"https:\/\/www.radiopresidenteibanez.cl\/web\/wp-json\/wp\/v2\/media\/34298"}],"wp:attachment":[{"href":"https:\/\/www.radiopresidenteibanez.cl\/web\/wp-json\/wp\/v2\/media?parent=34297"}],"wp:term":[{"taxonomy":"category","embeddable":true,"href":"https:\/\/www.radiopresidenteibanez.cl\/web\/wp-json\/wp\/v2\/categories?post=34297"},{"taxonomy":"post_tag","embeddable":true,"href":"https:\/\/www.radiopresidenteibanez.cl\/web\/wp-json\/wp\/v2\/tags?post=34297"}],"curies":[{"name":"wp","href":"https:\/\/api.w.org\/{rel}","templated":true}]}}