{"id":34294,"date":"2022-11-08T10:23:00","date_gmt":"2022-11-08T13:23:00","guid":{"rendered":"https:\/\/www.radiopresidenteibanez.cl\/web\/?p=34294"},"modified":"2022-11-08T09:38:01","modified_gmt":"2022-11-08T12:38:01","slug":"municipio-de-punta-arenas-entregara-invitaciones-para-concierto-de-jazz-inserto-en-la-cartelera-cultural","status":"publish","type":"post","link":"https:\/\/www.radiopresidenteibanez.cl\/web\/municipio-de-punta-arenas-entregara-invitaciones-para-concierto-de-jazz-inserto-en-la-cartelera-cultural\/","title":{"rendered":"<strong>Municipio de Punta Arenas entregar\u00e1 invitaciones para Concierto de Jazz inserto en la Cartelera Cultural<\/strong>"},"content":{"rendered":"\n<p>Este jueves (10 de noviembre), a las 19 horas, en el Centro Cultural \u201cClaudio Paredes Chamorro\u201d, se llevar\u00e1 a cabo el Concierto de Jazz enmarcado en la Cartelera Cultural del Municipio de Punta Arenas, que contar\u00e1 con destacados exponentes regionales y nacionales de este g\u00e9nero musical, que se han presentado en diversos escenarios, concitando el elogio de los p\u00fablicos.<br>Entre estos, destacan la banda regional \u201cEnsamble Jazz Punta Arenas\u201d, que abrir\u00e1 la jornada con conocidos \u00e9xitos, y la artista nacional Thais Marie Antoine Contreras, cantante y compositora, junto a su banda, que interpretar\u00e1n piezas cl\u00e1sicas del jazz, con un toque franc\u00e9s.<br>Las invitaciones para el espect\u00e1culo ser\u00e1n entregadas este martes (8 de noviembre), de 15 a 17 horas (o hasta agotar stock) en Unimarc Sur; y de 15 a 19 horas (o hasta agotar stock), en el Teatro Municipal \u201cJos\u00e9 Bohr\u201d; y el mi\u00e9rcoles (9 de noviembre), de 15 a 19 horas (o hasta agotar stock), en el Teatro Municipal \u201cJos\u00e9 Bohr\u201d.<\/p>\n","protected":false},"excerpt":{"rendered":"<p>Este jueves (10 de noviembre), a las 19 horas, en el Centro Cultural \u201cClaudio Paredes Chamorro\u201d, se llevar\u00e1 a cabo el Concierto de Jazz enmarcado en la Cartelera Cultural del&#8230; <a class=\"read-more\" href=\"https:\/\/www.radiopresidenteibanez.cl\/web\/municipio-de-punta-arenas-entregara-invitaciones-para-concierto-de-jazz-inserto-en-la-cartelera-cultural\/\">Leer m\u00e1s<\/a><\/p>\n","protected":false},"author":2,"featured_media":34295,"comment_status":"closed","ping_status":"closed","sticky":false,"template":"","format":"standard","meta":{"footnotes":""},"categories":[1],"tags":[],"class_list":["post-34294","post","type-post","status-publish","format-standard","has-post-thumbnail","hentry","category-cronica"],"_links":{"self":[{"href":"https:\/\/www.radiopresidenteibanez.cl\/web\/wp-json\/wp\/v2\/posts\/34294","targetHints":{"allow":["GET"]}}],"collection":[{"href":"https:\/\/www.radiopresidenteibanez.cl\/web\/wp-json\/wp\/v2\/posts"}],"about":[{"href":"https:\/\/www.radiopresidenteibanez.cl\/web\/wp-json\/wp\/v2\/types\/post"}],"author":[{"embeddable":true,"href":"https:\/\/www.radiopresidenteibanez.cl\/web\/wp-json\/wp\/v2\/users\/2"}],"replies":[{"embeddable":true,"href":"https:\/\/www.radiopresidenteibanez.cl\/web\/wp-json\/wp\/v2\/comments?post=34294"}],"version-history":[{"count":0,"href":"https:\/\/www.radiopresidenteibanez.cl\/web\/wp-json\/wp\/v2\/posts\/34294\/revisions"}],"wp:featuredmedia":[{"embeddable":true,"href":"https:\/\/www.radiopresidenteibanez.cl\/web\/wp-json\/wp\/v2\/media\/34295"}],"wp:attachment":[{"href":"https:\/\/www.radiopresidenteibanez.cl\/web\/wp-json\/wp\/v2\/media?parent=34294"}],"wp:term":[{"taxonomy":"category","embeddable":true,"href":"https:\/\/www.radiopresidenteibanez.cl\/web\/wp-json\/wp\/v2\/categories?post=34294"},{"taxonomy":"post_tag","embeddable":true,"href":"https:\/\/www.radiopresidenteibanez.cl\/web\/wp-json\/wp\/v2\/tags?post=34294"}],"curies":[{"name":"wp","href":"https:\/\/api.w.org\/{rel}","templated":true}]}}