{"id":3429,"date":"2019-04-16T14:44:08","date_gmt":"2019-04-16T14:44:08","guid":{"rendered":"http:\/\/www.radiopresidenteibanez.cl\/web\/?p=3429"},"modified":"2019-04-16T14:44:48","modified_gmt":"2019-04-16T14:44:48","slug":"entrega-de-proyecto-loteo-pioneros-a-director-regional-del-serviu","status":"publish","type":"post","link":"https:\/\/www.radiopresidenteibanez.cl\/web\/entrega-de-proyecto-loteo-pioneros-a-director-regional-del-serviu\/","title":{"rendered":"ENTREGA DE PROYECTO LOTEO PIONEROS A DIRECTOR REGIONAL DEL SERVIU"},"content":{"rendered":"\n<p>El d\u00eda de hoy, en compa\u00f1\u00eda de la Gobernadora Provincial Margarita Norambuena y el Director Regional del Serviu Dubalio P\u00e9rez, nuestro Alcalde Blagomir Brztilo Avenda\u00f1o, hizo entrega de los archivadores que contienen el Proyecto Loteo Pioneros de Primavera.<\/p>\n\n\n\n<p>Esta entrega fue materializada a trav\u00e9s de la firma del acta de recepci\u00f3n entre nuestro Alcalde y el Director del Serviu teniendo como testigos a todas&nbsp;las familias que ser\u00e1n beneficiarias de este conjunto habitacional.<\/p>\n\n\n\n<p>Sin duda alguna, para nosotros como municipio es un gran paso que concentra el trabajo de m\u00e1s de un a\u00f1o de todo el equipo municipal dirigido por nuestro Alcalde, el cual tiene como \u00fanico fin el poder entregar a cada una de las familias las llaves de la casa propia en nuestra comuna, motivo por el cual seguiremos trabajando acorde a las palabras y deseos de nuestro Alcalde, quien ha se\u00f1alado como sue\u00f1o y anhelo personal el ver concretado este proyecto que busca dar dignidad y mayor calidad de vida a nuestras familias de Primavera.<\/p>\n\n\n\n<figure class=\"wp-block-image\"><img loading=\"lazy\" decoding=\"async\" width=\"960\" height=\"720\" src=\"https:\/\/www.radiopresidenteibanez.cl\/web\/wp-content\/uploads\/2019\/04\/56924849_864925837178999_4926649881642139648_n.jpg\" alt=\"\" class=\"wp-image-3430\" srcset=\"https:\/\/www.radiopresidenteibanez.cl\/web\/wp-content\/uploads\/2019\/04\/56924849_864925837178999_4926649881642139648_n.jpg 960w, https:\/\/www.radiopresidenteibanez.cl\/web\/wp-content\/uploads\/2019\/04\/56924849_864925837178999_4926649881642139648_n-300x225.jpg 300w, https:\/\/www.radiopresidenteibanez.cl\/web\/wp-content\/uploads\/2019\/04\/56924849_864925837178999_4926649881642139648_n-768x576.jpg 768w\" sizes=\"auto, (max-width: 960px) 100vw, 960px\" \/><\/figure>\n","protected":false},"excerpt":{"rendered":"<p>El d\u00eda de hoy, en compa\u00f1\u00eda de la Gobernadora Provincial Margarita Norambuena y el Director Regional del Serviu Dubalio P\u00e9rez, nuestro Alcalde Blagomir Brztilo Avenda\u00f1o, hizo entrega de los archivadores&#8230; <a class=\"read-more\" href=\"https:\/\/www.radiopresidenteibanez.cl\/web\/entrega-de-proyecto-loteo-pioneros-a-director-regional-del-serviu\/\">Leer m\u00e1s<\/a><\/p>\n","protected":false},"author":2,"featured_media":3430,"comment_status":"closed","ping_status":"closed","sticky":false,"template":"","format":"standard","meta":{"footnotes":""},"categories":[1],"tags":[],"class_list":["post-3429","post","type-post","status-publish","format-standard","has-post-thumbnail","hentry","category-cronica"],"_links":{"self":[{"href":"https:\/\/www.radiopresidenteibanez.cl\/web\/wp-json\/wp\/v2\/posts\/3429","targetHints":{"allow":["GET"]}}],"collection":[{"href":"https:\/\/www.radiopresidenteibanez.cl\/web\/wp-json\/wp\/v2\/posts"}],"about":[{"href":"https:\/\/www.radiopresidenteibanez.cl\/web\/wp-json\/wp\/v2\/types\/post"}],"author":[{"embeddable":true,"href":"https:\/\/www.radiopresidenteibanez.cl\/web\/wp-json\/wp\/v2\/users\/2"}],"replies":[{"embeddable":true,"href":"https:\/\/www.radiopresidenteibanez.cl\/web\/wp-json\/wp\/v2\/comments?post=3429"}],"version-history":[{"count":0,"href":"https:\/\/www.radiopresidenteibanez.cl\/web\/wp-json\/wp\/v2\/posts\/3429\/revisions"}],"wp:featuredmedia":[{"embeddable":true,"href":"https:\/\/www.radiopresidenteibanez.cl\/web\/wp-json\/wp\/v2\/media\/3430"}],"wp:attachment":[{"href":"https:\/\/www.radiopresidenteibanez.cl\/web\/wp-json\/wp\/v2\/media?parent=3429"}],"wp:term":[{"taxonomy":"category","embeddable":true,"href":"https:\/\/www.radiopresidenteibanez.cl\/web\/wp-json\/wp\/v2\/categories?post=3429"},{"taxonomy":"post_tag","embeddable":true,"href":"https:\/\/www.radiopresidenteibanez.cl\/web\/wp-json\/wp\/v2\/tags?post=3429"}],"curies":[{"name":"wp","href":"https:\/\/api.w.org\/{rel}","templated":true}]}}