{"id":3426,"date":"2019-04-16T14:38:09","date_gmt":"2019-04-16T14:38:09","guid":{"rendered":"http:\/\/www.radiopresidenteibanez.cl\/web\/?p=3426"},"modified":"2019-04-16T14:38:53","modified_gmt":"2019-04-16T14:38:53","slug":"alcalde-brztilo-se-reunio-con-representantes-de-naviera-que-comenzara-a-operar-en-primera-angostura","status":"publish","type":"post","link":"https:\/\/www.radiopresidenteibanez.cl\/web\/alcalde-brztilo-se-reunio-con-representantes-de-naviera-que-comenzara-a-operar-en-primera-angostura\/","title":{"rendered":"ALCALDE BRZTILO SE REUNI\u00d3 CON REPRESENTANTES DE NAVIERA QUE COMENZAR\u00c1 A OPERAR EN PRIMERA ANGOSTURA"},"content":{"rendered":"\n<p>El alcalde de la Ilustre\nMunicipalidad de Primavera, Blagomir Brztilo Avenda\u00f1o sostuvo una importante\nreuni\u00f3n con el due\u00f1o de la empresa Naviera Paredes y su plana gerencial,\nquienes visitaron la comuna de Primavera y la Provincia de Tierra del Fuego en\ngeneral para dar a conocer el trabajo que realizar\u00e1n.<\/p>\n\n\n\n<p>En esta reuni\u00f3n el due\u00f1o y\ngerentes de la naviera informaron a la primera autoridad comunal sobre el\ninter\u00e9s real de poder prestar los servicios de conectividad en el cruce de\nprimera angostura a contar del segundo semestre de este a\u00f1o con dos\ntransbordadores nuevos, y evaluar en un futuro pr\u00f3ximo la incursi\u00f3n en el tramo\nPorvenir &#8211; Punta Arenas y otras rutas navieras de Magallanes.<\/p>\n\n\n\n<p>En la ocasi\u00f3n Blagomir Brztilo, se\u00f1al\u00f3 esto como \u201cuna tremenda noticia y un tremendo beneficio para todos quienes habitamos la isla y para quienes permanentemente utilizan el cruce de la primera angostura, puerta de entrada norte a nuestra provincia, y en lo personal, siento que por fin podr\u00edamos hablar en t\u00e9rminos concretos de conectividad permanente, sin vac\u00edos intermedios, ya que existir\u00eda mayor variedad y seguridad en horarios\u2026 la continuidad estar\u00eda presente y eso es fundamental, por temas de seguridad y otros del mismo \u00edndole\u00bb.<\/p>\n\n\n\n<p>La empresa por su parte se\u00f1al\u00f3\nque ellos ya se reunieron con todas las autoridades mar\u00edtimas y de transporte\ncorrespondiente para informar y cumplir con todo lo necesario para poder\nprestar el servicio como corresponde. <\/p>\n\n\n\n<p>El nuevo servicio de conectividad comenzar\u00eda a operar durante el inicio del segundo semestre, con dos transbordadores para 300 pasajeros, asegurando el bienestar de los pasajeros y manteniendo la conectividad desde la isla hacia el continente, privilegiando a los territorios aislados como hizo ver su gerente general en la reuni\u00f3n con el alcalde Brztilo, quien se mostr\u00f3 conforme y esperanzado en que esta empresa pueda operar sin problema alguno para beneficio de los habitantes de la comuna y la provincia en general.<\/p>\n\n\n\n<figure class=\"wp-block-image\"><img loading=\"lazy\" decoding=\"async\" width=\"1000\" height=\"750\" src=\"https:\/\/www.radiopresidenteibanez.cl\/web\/wp-content\/uploads\/2019\/04\/57456952_864579137213669_2769286254083178496_o-1.jpg\" alt=\"\" class=\"wp-image-3427\" srcset=\"https:\/\/www.radiopresidenteibanez.cl\/web\/wp-content\/uploads\/2019\/04\/57456952_864579137213669_2769286254083178496_o-1.jpg 1000w, https:\/\/www.radiopresidenteibanez.cl\/web\/wp-content\/uploads\/2019\/04\/57456952_864579137213669_2769286254083178496_o-1-300x225.jpg 300w, https:\/\/www.radiopresidenteibanez.cl\/web\/wp-content\/uploads\/2019\/04\/57456952_864579137213669_2769286254083178496_o-1-768x576.jpg 768w\" sizes=\"auto, (max-width: 1000px) 100vw, 1000px\" \/><\/figure>\n","protected":false},"excerpt":{"rendered":"<p>El alcalde de la Ilustre Municipalidad de Primavera, Blagomir Brztilo Avenda\u00f1o sostuvo una importante reuni\u00f3n con el due\u00f1o de la empresa Naviera Paredes y su plana gerencial, quienes visitaron la&#8230; <a class=\"read-more\" href=\"https:\/\/www.radiopresidenteibanez.cl\/web\/alcalde-brztilo-se-reunio-con-representantes-de-naviera-que-comenzara-a-operar-en-primera-angostura\/\">Leer m\u00e1s<\/a><\/p>\n","protected":false},"author":2,"featured_media":3427,"comment_status":"closed","ping_status":"closed","sticky":false,"template":"","format":"standard","meta":{"footnotes":""},"categories":[1],"tags":[],"class_list":["post-3426","post","type-post","status-publish","format-standard","has-post-thumbnail","hentry","category-cronica"],"_links":{"self":[{"href":"https:\/\/www.radiopresidenteibanez.cl\/web\/wp-json\/wp\/v2\/posts\/3426","targetHints":{"allow":["GET"]}}],"collection":[{"href":"https:\/\/www.radiopresidenteibanez.cl\/web\/wp-json\/wp\/v2\/posts"}],"about":[{"href":"https:\/\/www.radiopresidenteibanez.cl\/web\/wp-json\/wp\/v2\/types\/post"}],"author":[{"embeddable":true,"href":"https:\/\/www.radiopresidenteibanez.cl\/web\/wp-json\/wp\/v2\/users\/2"}],"replies":[{"embeddable":true,"href":"https:\/\/www.radiopresidenteibanez.cl\/web\/wp-json\/wp\/v2\/comments?post=3426"}],"version-history":[{"count":0,"href":"https:\/\/www.radiopresidenteibanez.cl\/web\/wp-json\/wp\/v2\/posts\/3426\/revisions"}],"wp:featuredmedia":[{"embeddable":true,"href":"https:\/\/www.radiopresidenteibanez.cl\/web\/wp-json\/wp\/v2\/media\/3427"}],"wp:attachment":[{"href":"https:\/\/www.radiopresidenteibanez.cl\/web\/wp-json\/wp\/v2\/media?parent=3426"}],"wp:term":[{"taxonomy":"category","embeddable":true,"href":"https:\/\/www.radiopresidenteibanez.cl\/web\/wp-json\/wp\/v2\/categories?post=3426"},{"taxonomy":"post_tag","embeddable":true,"href":"https:\/\/www.radiopresidenteibanez.cl\/web\/wp-json\/wp\/v2\/tags?post=3426"}],"curies":[{"name":"wp","href":"https:\/\/api.w.org\/{rel}","templated":true}]}}