{"id":3424,"date":"2019-04-16T14:31:40","date_gmt":"2019-04-16T14:31:40","guid":{"rendered":"http:\/\/www.radiopresidenteibanez.cl\/web\/?p=3424"},"modified":"2019-04-16T14:32:01","modified_gmt":"2019-04-16T14:32:01","slug":"gana-la-gente-por-ernesto-sepulveda","status":"publish","type":"post","link":"https:\/\/www.radiopresidenteibanez.cl\/web\/gana-la-gente-por-ernesto-sepulveda\/","title":{"rendered":"GANA LA GENTE, POR ERNESTO SEPULVEDA"},"content":{"rendered":"\n<p>La semana que pas\u00f3, por un instante, brill\u00f3 el sol para el gobierno de Pi\u00f1era. Algo que todos ya d\u00e1bamos por decidido, tuvo un vuelco de \u00faltimo minuto. Es as\u00ed, como el rechazo de la oposici\u00f3n a la idea de legislar la reforma tributaria, se transform\u00f3 en aprobaci\u00f3n, gracias a los votos de dos diputados de la DC de la comisi\u00f3n de Hacienda.<\/p>\n\n\n\n<p>Terremoto pol\u00edtico, recriminaciones iban, justificaciones ven\u00edan. El hecho pol\u00edtico de la semana, fue que ve\u00eda la luz, una de las iniciativas emblem\u00e1ticas de la derecha, que busca rebajar a carga tributaria de las empresas, para fomentar la inversi\u00f3n.<\/p>\n\n\n\n<p>La oposici\u00f3n,&nbsp;&nbsp;a\u00fan no termina de digerir lo que para muchos fue incumplir un acuerdo, y para otros, el ejercicio de un derecho legitimo de disentir,&nbsp;&nbsp;de pensar distinto de los aliados.<\/p>\n\n\n\n<p>No cabe duda que en la oposici\u00f3n existen m\u00faltiples variantes, claramente, en la linea que ha impuesto su directiva, la DC est\u00e1 tratando de diferenciarse del resto. Cosa dif\u00edcil en una realidad pol\u00edtica, donde el centro ha ido desapareciendo. Al gobierno le viene bien, \u201cmeter la cu\u00f1a\u201d, y conseguir el apoyo de la DC. El propio presidente Pi\u00f1era ha hecho gestos a la falange, destacando permanentemente la figura de Patricio Aylwin, y manteniendo como un asesor de confianza al presidente Frei. La derecha sue\u00f1a con una DC integrando el bloque de gobierno.<\/p>\n\n\n\n<p>Creo que no conocen a la falange. Las expresiones de sorpresa y disgusto tambi\u00e9n se dieron al interior de ese partido. En Magallanes, se impulsa un voto de censura a la mesa directiva por haber pactado con el gobierno al margen de lo acordado en sus instancias partidarias. Y la propia directiva ha manifestado que aprobaban solo la idea de legislar, pero no la \u201creintegraci\u00f3n\u201d, que es el coraz\u00f3n del proyecto de Pi\u00f1era.<\/p>\n\n\n\n<p>Para la oposici\u00f3n, construir una alternativa cre\u00edble para la ciudadan\u00eda, que no sea un simple pegoteo de siglas partidarias, o un refrito de figuras de los 90\u2019, va a ser un camino largo y no menos pedregoso. Pero el tiempo apremia, de aqu\u00ed en mas, las leg\u00edtimas diferencias deber\u00e1n atenderse a trav\u00e9s de procesos conocidos y transparentes.<\/p>\n\n\n\n<p>El camino del entendimiento requiere de interlocutores legitimados ante la ciudadan\u00eda, si se quiere concursar con \u00e9xito en los desaf\u00edos electorales del pr\u00f3ximo a\u00f1o. En octubre de 2020, elegiremos por primera vez a la autoridad regional. El intendente pasar\u00e1 a ser el&nbsp;&nbsp;gobernador regional, y ser\u00e1 electo junto con los&nbsp;&nbsp;consejeros regionales.<\/p>\n\n\n\n<p>&nbsp;Pero, no s\u00f3lo eso, por primera vez estas elecciones coincidir\u00e1n con las de alcaldes y concejales.<\/p>\n\n\n\n<p>Es toda una contienda electoral, donde deber\u00e1n concursar miles de candidatos por todo el pa\u00eds.<\/p>\n\n\n\n<p>Es un desaf\u00edo muy importante, exigir\u00e1 a los dirigentes pol\u00edticos, actuar con coraje y audacia. Eso es lo que espera la ciudadan\u00eda.<\/p>\n\n\n\n<p>En el plano internacional, vimos a Bolsonaro en Israel muy entusiasmado, afirmando que los nazis eran de izquierda. Sus declaraciones provocaron indignaci\u00f3n en Alemania. De vuelta en Brasil, despacha una nueva revelaci\u00f3n, seg\u00fan \u00e9l los cr\u00edmenes del Holocausto eran \u201cperdonables\u201d. Israel qued\u00f3 impresionado de la imprudencia y falta de coherencia de su nuevo aliado. Puesto en contexto, se vuelven aun mas inadecuados los cari\u00f1osos gestos de La Moneda, en que le cantaron hasta el cumplea\u00f1os feliz.<\/p>\n\n\n\n<p>El despliegue internacional del presidente, extremando protagonismo, en su visita a Estados Unidos, con sus especiales caracter\u00edsticas personales,&nbsp;&nbsp;ha tra\u00eddo como contrapartida la pronta visita del secretario&nbsp;&nbsp;de estado Pompeo. En una breve entrevista, transmiti\u00f3 con poco espacio para dudas, que \u201cRusia y China, hacen trampas y no respetan las reglas\u201d.<\/p>\n\n\n\n<p>&nbsp;En v\u00edsperas de la visita de estado de presidente Pi\u00f1era a China, nuestro principal aliado comercial. La instrucci\u00f3n del gobierno de Trump, resulta ofensiva e inaceptable. Aunque desde palacio, se han apurado a desmentirlo, a os pocos d\u00edas, se cancel\u00f3 la visita que har\u00eda el presidente al gigante Huawei.<\/p>\n\n\n\n<p>Vienen nuevas tareas para la oposici\u00f3n en el parlamento, ya se anuncia una reforma al c\u00f3digo del trabajo, donde el gobierno tratar\u00e1 nuevamente de obtener los votos de la DC.&nbsp;<\/p>\n\n\n\n<p>Podr\u00e1 la oposici\u00f3n concordar, ahora s\u00ed, una postura com\u00fan frente al gobierno?&nbsp;&nbsp;<\/p>\n\n\n\n<p>Es lo que la ciudadan\u00eda espera. Mejorar los proyectos y defender lo que ya se ha ganado.<\/p>\n\n\n\n<p>Para que por fin, gane la gente.<\/p>\n\n\n\n<figure class=\"wp-block-image\"><img loading=\"lazy\" decoding=\"async\" width=\"1024\" height=\"768\" src=\"http:\/\/www.radiopresidenteibanez.cl\/web\/wp-content\/uploads\/2019\/03\/IMG-20190310-WA0014-1024x768.jpg\" alt=\"\" class=\"wp-image-2310\" srcset=\"https:\/\/www.radiopresidenteibanez.cl\/web\/wp-content\/uploads\/2019\/03\/IMG-20190310-WA0014.jpg 1024w, https:\/\/www.radiopresidenteibanez.cl\/web\/wp-content\/uploads\/2019\/03\/IMG-20190310-WA0014-300x225.jpg 300w, https:\/\/www.radiopresidenteibanez.cl\/web\/wp-content\/uploads\/2019\/03\/IMG-20190310-WA0014-768x576.jpg 768w\" sizes=\"auto, (max-width: 1024px) 100vw, 1024px\" \/><\/figure>\n","protected":false},"excerpt":{"rendered":"<p>La semana que pas\u00f3, por un instante, brill\u00f3 el sol para el gobierno de Pi\u00f1era. Algo que todos ya d\u00e1bamos por decidido, tuvo un vuelco de \u00faltimo minuto. Es as\u00ed,&#8230; <a class=\"read-more\" href=\"https:\/\/www.radiopresidenteibanez.cl\/web\/gana-la-gente-por-ernesto-sepulveda\/\">Leer m\u00e1s<\/a><\/p>\n","protected":false},"author":2,"featured_media":2310,"comment_status":"closed","ping_status":"closed","sticky":false,"template":"","format":"standard","meta":{"footnotes":""},"categories":[1],"tags":[],"class_list":["post-3424","post","type-post","status-publish","format-standard","has-post-thumbnail","hentry","category-cronica"],"_links":{"self":[{"href":"https:\/\/www.radiopresidenteibanez.cl\/web\/wp-json\/wp\/v2\/posts\/3424","targetHints":{"allow":["GET"]}}],"collection":[{"href":"https:\/\/www.radiopresidenteibanez.cl\/web\/wp-json\/wp\/v2\/posts"}],"about":[{"href":"https:\/\/www.radiopresidenteibanez.cl\/web\/wp-json\/wp\/v2\/types\/post"}],"author":[{"embeddable":true,"href":"https:\/\/www.radiopresidenteibanez.cl\/web\/wp-json\/wp\/v2\/users\/2"}],"replies":[{"embeddable":true,"href":"https:\/\/www.radiopresidenteibanez.cl\/web\/wp-json\/wp\/v2\/comments?post=3424"}],"version-history":[{"count":0,"href":"https:\/\/www.radiopresidenteibanez.cl\/web\/wp-json\/wp\/v2\/posts\/3424\/revisions"}],"wp:featuredmedia":[{"embeddable":true,"href":"https:\/\/www.radiopresidenteibanez.cl\/web\/wp-json\/wp\/v2\/media\/2310"}],"wp:attachment":[{"href":"https:\/\/www.radiopresidenteibanez.cl\/web\/wp-json\/wp\/v2\/media?parent=3424"}],"wp:term":[{"taxonomy":"category","embeddable":true,"href":"https:\/\/www.radiopresidenteibanez.cl\/web\/wp-json\/wp\/v2\/categories?post=3424"},{"taxonomy":"post_tag","embeddable":true,"href":"https:\/\/www.radiopresidenteibanez.cl\/web\/wp-json\/wp\/v2\/tags?post=3424"}],"curies":[{"name":"wp","href":"https:\/\/api.w.org\/{rel}","templated":true}]}}