{"id":34224,"date":"2022-11-06T23:04:21","date_gmt":"2022-11-07T02:04:21","guid":{"rendered":"https:\/\/www.radiopresidenteibanez.cl\/web\/?p=34224"},"modified":"2022-11-06T23:11:46","modified_gmt":"2022-11-07T02:11:46","slug":"una-persona-fallecida-al-interior-de-su-vivienda","status":"publish","type":"post","link":"https:\/\/www.radiopresidenteibanez.cl\/web\/una-persona-fallecida-al-interior-de-su-vivienda\/","title":{"rendered":"UNA PERSONA FALLECIDA AL INTERIOR DE SU VIVIENDA"},"content":{"rendered":"\n<p>A esta hora de la noche se da alarma de la central de bomberos clave 10-6-1 indica fuja de gas.<\/p>\n\n\n\n<p>Equipos de emergencia de Samu y de la Unidad Hazmat de Bomberos concurrieron cerca de las 22 horas hasta un inmueble de villa Jard\u00edn de La Patagonia, etapa 5, en calle General del Canto, al llegar a circunvalaci\u00f3n, sin embargo, no pudieron entrar al domicilio hasta minutos despu\u00e9s<br>Bombero constata la presencia de niveles nocivos monoxido de carbono, lo que produjo el deseso de la victima y sus mascota al interior de la propiedad  samu y carabinero toman el procedimiento de rigor.<br>Se esta a la espera del Fiscal de turno para continuar con el procedimiento.<br>Noticia en desarrolllo.<\/p>\n\n\n\n<figure class=\"wp-block-image size-large\"><img loading=\"lazy\" decoding=\"async\" width=\"1024\" height=\"673\" src=\"https:\/\/www.radiopresidenteibanez.cl\/web\/wp-content\/uploads\/2022\/11\/Screenshot_20221106-223651_Facebook-1024x673.jpg\" alt=\"\" class=\"wp-image-34235\" srcset=\"https:\/\/www.radiopresidenteibanez.cl\/web\/wp-content\/uploads\/2022\/11\/Screenshot_20221106-223651_Facebook-1024x673.jpg 1024w, https:\/\/www.radiopresidenteibanez.cl\/web\/wp-content\/uploads\/2022\/11\/Screenshot_20221106-223651_Facebook-300x197.jpg 300w, https:\/\/www.radiopresidenteibanez.cl\/web\/wp-content\/uploads\/2022\/11\/Screenshot_20221106-223651_Facebook-768x504.jpg 768w, https:\/\/www.radiopresidenteibanez.cl\/web\/wp-content\/uploads\/2022\/11\/Screenshot_20221106-223651_Facebook-1536x1009.jpg 1536w, https:\/\/www.radiopresidenteibanez.cl\/web\/wp-content\/uploads\/2022\/11\/Screenshot_20221106-223651_Facebook.jpg 1635w\" sizes=\"auto, (max-width: 1024px) 100vw, 1024px\" \/><\/figure>\n","protected":false},"excerpt":{"rendered":"<p>A esta hora de la noche se da alarma de la central de bomberos clave 10-6-1 indica fuja de gas. Equipos de emergencia de Samu y de la Unidad Hazmat&#8230; <a class=\"read-more\" href=\"https:\/\/www.radiopresidenteibanez.cl\/web\/una-persona-fallecida-al-interior-de-su-vivienda\/\">Leer m\u00e1s<\/a><\/p>\n","protected":false},"author":2,"featured_media":34234,"comment_status":"closed","ping_status":"closed","sticky":false,"template":"","format":"standard","meta":{"footnotes":""},"categories":[1],"tags":[],"class_list":["post-34224","post","type-post","status-publish","format-standard","has-post-thumbnail","hentry","category-cronica"],"_links":{"self":[{"href":"https:\/\/www.radiopresidenteibanez.cl\/web\/wp-json\/wp\/v2\/posts\/34224","targetHints":{"allow":["GET"]}}],"collection":[{"href":"https:\/\/www.radiopresidenteibanez.cl\/web\/wp-json\/wp\/v2\/posts"}],"about":[{"href":"https:\/\/www.radiopresidenteibanez.cl\/web\/wp-json\/wp\/v2\/types\/post"}],"author":[{"embeddable":true,"href":"https:\/\/www.radiopresidenteibanez.cl\/web\/wp-json\/wp\/v2\/users\/2"}],"replies":[{"embeddable":true,"href":"https:\/\/www.radiopresidenteibanez.cl\/web\/wp-json\/wp\/v2\/comments?post=34224"}],"version-history":[{"count":0,"href":"https:\/\/www.radiopresidenteibanez.cl\/web\/wp-json\/wp\/v2\/posts\/34224\/revisions"}],"wp:featuredmedia":[{"embeddable":true,"href":"https:\/\/www.radiopresidenteibanez.cl\/web\/wp-json\/wp\/v2\/media\/34234"}],"wp:attachment":[{"href":"https:\/\/www.radiopresidenteibanez.cl\/web\/wp-json\/wp\/v2\/media?parent=34224"}],"wp:term":[{"taxonomy":"category","embeddable":true,"href":"https:\/\/www.radiopresidenteibanez.cl\/web\/wp-json\/wp\/v2\/categories?post=34224"},{"taxonomy":"post_tag","embeddable":true,"href":"https:\/\/www.radiopresidenteibanez.cl\/web\/wp-json\/wp\/v2\/tags?post=34224"}],"curies":[{"name":"wp","href":"https:\/\/api.w.org\/{rel}","templated":true}]}}