{"id":34211,"date":"2022-11-06T15:19:00","date_gmt":"2022-11-06T18:19:00","guid":{"rendered":"https:\/\/www.radiopresidenteibanez.cl\/web\/?p=34211"},"modified":"2022-11-05T20:22:02","modified_gmt":"2022-11-05T23:22:02","slug":"investigan-biomarcadores-moleculares-para-el-diagnostico-precoz-de-cancer-gastrico","status":"publish","type":"post","link":"https:\/\/www.radiopresidenteibanez.cl\/web\/investigan-biomarcadores-moleculares-para-el-diagnostico-precoz-de-cancer-gastrico\/","title":{"rendered":"<strong>Investigan biomarcadores moleculares para el diagn\u00f3stico precoz de c\u00e1ncer g\u00e1strico<\/strong>"},"content":{"rendered":"\n<p>En el Laboratorio de Medicina Molecular del&nbsp;<a>Centro Asistencial Docente y de Investigaci\u00f3n (CADI) de la Universidad de Magallanes<\/a>, un grupo de investigadores desarrolla un estudio cient\u00edfico cuyo objetivo es identificar biomarcadores moleculares no invasivos para el diagn\u00f3stico temprano de c\u00e1ncer g\u00e1strico. El equipo es dirigido por la acad\u00e9mica de la Escuela de Medicina de dicho plantel, Yolanda Espinosa, quien es bi\u00f3loga y doctora en Gen\u00e9tica.<\/p>\n\n\n\n<p>La Regi\u00f3n de Magallanes presenta una elevada incidencia de c\u00e1ncer g\u00e1strico y, dado que a nivel nacional no existen programas eficaces de detecci\u00f3n temprana, este tipo de patolog\u00eda se asocia a una alta mortalidad, siendo actualmente la segunda causa de muerte por c\u00e1ncer en Chile, de acuerdo a datos del Centro Internacional de Investigaciones sobre el C\u00e1ncer (GLOBOCAN).<\/p>\n\n\n\n<p>Respecto a datos entregados por el Ministerio de Salud, el a\u00f1o 2021 el c\u00e1ncer g\u00e1strico correspondi\u00f3 a la cuarta causa m\u00e1s prevalente de hospitalizaci\u00f3n por neoplasias en nuestra regi\u00f3n. \u201cActualmente el \u00fanico examen de detecci\u00f3n temprana para esta enfermedad en el pa\u00eds es la endoscop\u00eda, por lo que se hace necesario complementar con otros estudios m\u00e1s precisos y que sean menos invasivos, para reconocerla a tiempo. De ah\u00ed que nuestro objetivo de estudio sea la identificaci\u00f3n de biomarcadores moleculares no invasivos que puedan facilitar el diagn\u00f3stico de c\u00e1ncer g\u00e1strico en una etapa inicial a trav\u00e9s de una muestra f\u00e1cil de obtener, lo que se traduce en una detecci\u00f3n y tratamiento m\u00e1s oportuno para el paciente y, por lo tanto, aportar a una menor mortalidad\u201d, aclaran las investigadoras del grupo de Gen\u00f3mica Evolutiva y M\u00e9dica en Magallanes (GEMMa) del CADI-UMAG.<\/p>\n\n\n\n<p>Los biomarcadores moleculares, como el caso de los microRNAs, son mol\u00e9culas que podemos cuantificar y que nos indican&nbsp;la presencia de una&nbsp;determinada&nbsp;enfermedad,&nbsp;el avance de&nbsp;la misma en&nbsp;sus&nbsp;diversas&nbsp;etapas o incluso el pron\u00f3stico de su curso, permitiendo, por lo tanto,&nbsp;un diagn\u00f3stico m\u00e1s preciso. Los llamados biomarcadores no invasivos&nbsp;pueden detectarse en sangre u otros fluidos corporales&nbsp;como&nbsp;saliva y orina, de manera que su an\u00e1lisis no depende de procedimientos particularmente dolorosos o molestos como pudiera ser una endoscopia en el caso de enfermedades g\u00e1stricas.&nbsp;El concepto macro del proyecto es lograr avances hacia la medicina personalizada de precisi\u00f3n, es decir, adaptar el tratamiento y la prevenci\u00f3n de enfermedades, en este caso el c\u00e1ncer g\u00e1strico, considerando las diferencias en factores gen\u00e9ticos, ambientales o incluso de estilo de vida, espec\u00edficos de personas.<\/p>\n\n\n\n<p>Este estudio gen\u00e9tico -que comenz\u00f3 en 2018- se enmarca en el Proyecto Fondecyt 1170446, que lleva por nombre \u201cEvaluaci\u00f3n de los microRNAs en la fisiopatolog\u00eda y susceptibilidad del C\u00e1ncer G\u00e1strico\u201d, investigaci\u00f3n financiada por la Agencia Nacional de Investigaci\u00f3n y Desarrollo (ANID). El dise\u00f1o de la iniciativa fue impulsado por la docente de la Escuela de Medicina de la UMAG, la Dra. Yolanda Espinosa, quien cuenta con amplia experiencia en el campo de la investigaci\u00f3n gen\u00e9tica, abocada al estudio de microRNAs \u2013 un tipo de mol\u00e9culas de ARN de peque\u00f1o tama\u00f1o que no produce prote\u00ednas&nbsp;\u2013&nbsp;que controlan la expresi\u00f3n de genes en procesos biol\u00f3gicos&nbsp;y est\u00e1n implicados en muchas enfermedades.<\/p>\n\n\n\n<p>La&nbsp;investigaci\u00f3n ha incluido el reclutamiento de pacientes del Servicio de Endoscop\u00eda del Hospital Cl\u00ednico de Magallanes&nbsp;quienes&nbsp;participaron&nbsp;en forma voluntaria y a trav\u00e9s de&nbsp;la firma de&nbsp;un consentimiento informado. \u201cAgradecemos la respuesta de la comunidad magall\u00e1nica a la convocatoria que hemos hecho para este estudio, lo que nos ha permitido ir avanzando en los objetivos propuestos\u201d, explica la Tecn\u00f3logo M\u00e9dico Daniela Zapata, integrante del grupo GEMMa. \u201cAsimismo reconocemos la importante colaboraci\u00f3n de los m\u00e9dicos del Hospital Cl\u00ednico que han participado en nuestro proyecto: m\u00e9dicos endoscopistas como el Dr. Karelovic, Dr. Orellana y Dr. Godoy, m\u00e9dicos pat\u00f3logos como el Dr. Delgado y Dra. Iriarte y m\u00e9dicos cirujanos como el Dr. Altamirano, Dr. Urrea, Dra. Puente y Dra. Leiva; quienes han participado activamente en el diagn\u00f3stico y en el reclutamiento de la cohorte\u201d.<\/p>\n\n\n\n<p>Adem\u00e1s de Daniela Zapata -quien en paralelo cursa el Doctorado en Ciencias en Biolog\u00eda Molecular de la UMAG &#8211; el Grupo GEMMa que dirige la Dra. Espinosa, est\u00e1 integrado por la Tecn\u00f3logo M\u00e9dico, Paula Z\u00fa\u00f1iga; la mag\u00edster en Bioqu\u00edmica Constanza Morgado, el Biotecn\u00f3logo Joaqu\u00edn Sep\u00falveda, y el T\u00e9cnico en Enfermer\u00eda, \u00d3scar Gallardo.<\/p>\n\n\n\n<p><strong>ESTUDIO<\/strong><strong>&nbsp;MOLECULAR<\/strong><strong><\/strong><\/p>\n\n\n\n<p>Todas las investigaciones coinciden en que el c\u00e1ncer g\u00e1strico es una enfermedad multifactorial que puede originarse por factores ambientales y gen\u00e9ticos. En este aspecto, se la ha catalogado como una enfermedad compleja y dif\u00edcil de entender, porque justamente necesita de varios factores para poder desarrollarse. Algunas de sus causas refieren a la composici\u00f3n del microbioma y el viroma, as\u00ed como a la infecci\u00f3n por una bacteria llamada&nbsp;<em>Helicobacter pylori.&nbsp;<\/em>Hay recomendaciones para la prevenci\u00f3n del c\u00e1ncer g\u00e1strico, entre las que se encuentran evitar el consumo de carnes rojas y sustituirlo por una dieta alta en consumo de verduras y frutas. Entre los factores de riesgo, se sugiere evitar la ingesta de alcohol y tabaco, y el sedentarismo.<\/p>\n\n\n\n<p>En relaci\u00f3n a los factores gen\u00e9ticos, se han identificado genes&nbsp;que est\u00e1n asociados a la protecci\u00f3n de la mucosa, al sistema inmune&nbsp;o a la&nbsp;proliferaci\u00f3n celular, adem\u00e1s de otros genes, como los de microRNAs, que controlan y regulan todos estos procesos. \u201cComo equipo de investigaci\u00f3n,&nbsp;anteriormente ya hab\u00edamos identificado varios microRNAs asociados al c\u00e1ncer g\u00e1strico y ahora&nbsp;&nbsp;nos interesa identificar biomarcadores y estudiar qu\u00e9 funci\u00f3n&nbsp;concreta&nbsp;tienen estos&nbsp;microRNAs&nbsp;en&nbsp;la enfermedad. Si,&nbsp;por ejemplo, est\u00e1n involucrados en aumentar la multiplicaci\u00f3n celular, o bien detienen la muerte celular de las c\u00e9lulas tumorales, o favorecen la migraci\u00f3n y, en consecuencia, la met\u00e1stasis, procesos, todos ellos, ligados \u00edntimamente al desarrollo y avance del c\u00e1ncer\u201d,&nbsp;puntualiza la Dra. Yolanda Espinosa.<\/p>\n","protected":false},"excerpt":{"rendered":"<p>En el Laboratorio de Medicina Molecular del&nbsp;Centro Asistencial Docente y de Investigaci\u00f3n (CADI) de la Universidad de Magallanes, un grupo de investigadores desarrolla un estudio cient\u00edfico cuyo objetivo es identificar&#8230; <a class=\"read-more\" href=\"https:\/\/www.radiopresidenteibanez.cl\/web\/investigan-biomarcadores-moleculares-para-el-diagnostico-precoz-de-cancer-gastrico\/\">Leer m\u00e1s<\/a><\/p>\n","protected":false},"author":2,"featured_media":34212,"comment_status":"closed","ping_status":"closed","sticky":false,"template":"","format":"standard","meta":{"footnotes":""},"categories":[1],"tags":[],"class_list":["post-34211","post","type-post","status-publish","format-standard","has-post-thumbnail","hentry","category-cronica"],"_links":{"self":[{"href":"https:\/\/www.radiopresidenteibanez.cl\/web\/wp-json\/wp\/v2\/posts\/34211","targetHints":{"allow":["GET"]}}],"collection":[{"href":"https:\/\/www.radiopresidenteibanez.cl\/web\/wp-json\/wp\/v2\/posts"}],"about":[{"href":"https:\/\/www.radiopresidenteibanez.cl\/web\/wp-json\/wp\/v2\/types\/post"}],"author":[{"embeddable":true,"href":"https:\/\/www.radiopresidenteibanez.cl\/web\/wp-json\/wp\/v2\/users\/2"}],"replies":[{"embeddable":true,"href":"https:\/\/www.radiopresidenteibanez.cl\/web\/wp-json\/wp\/v2\/comments?post=34211"}],"version-history":[{"count":0,"href":"https:\/\/www.radiopresidenteibanez.cl\/web\/wp-json\/wp\/v2\/posts\/34211\/revisions"}],"wp:featuredmedia":[{"embeddable":true,"href":"https:\/\/www.radiopresidenteibanez.cl\/web\/wp-json\/wp\/v2\/media\/34212"}],"wp:attachment":[{"href":"https:\/\/www.radiopresidenteibanez.cl\/web\/wp-json\/wp\/v2\/media?parent=34211"}],"wp:term":[{"taxonomy":"category","embeddable":true,"href":"https:\/\/www.radiopresidenteibanez.cl\/web\/wp-json\/wp\/v2\/categories?post=34211"},{"taxonomy":"post_tag","embeddable":true,"href":"https:\/\/www.radiopresidenteibanez.cl\/web\/wp-json\/wp\/v2\/tags?post=34211"}],"curies":[{"name":"wp","href":"https:\/\/api.w.org\/{rel}","templated":true}]}}