{"id":34183,"date":"2022-11-05T18:18:00","date_gmt":"2022-11-05T21:18:00","guid":{"rendered":"https:\/\/www.radiopresidenteibanez.cl\/web\/?p=34183"},"modified":"2022-11-05T00:25:47","modified_gmt":"2022-11-05T03:25:47","slug":"impulso-docente-reconoce-a-20-profesores-de-magallanes-por-su-labor-como-mentores","status":"publish","type":"post","link":"https:\/\/www.radiopresidenteibanez.cl\/web\/impulso-docente-reconoce-a-20-profesores-de-magallanes-por-su-labor-como-mentores\/","title":{"rendered":"<strong>Impulso Docente reconoce a 20 profesores de Magallanes por su labor como mentores<\/strong>"},"content":{"rendered":"\n<p>En una ceremonia realizada en el Centro Cultural de Punta Arenas, 20 profesores y profesoras de 5 colegios de la Regi\u00f3n de Magallanes fueron distinguidos por su labor como mentores en sus comunidades educativas. Se trata de profesionales de las escuelas Elba Ojeda G\u00f3mez, Juan Williams, Dellamira Rebeca Aguilar y los liceos Mar\u00eda Auxiliadora y Bicentenario Mar\u00eda Mazzarello.<\/p>\n\n\n\n<p>El reconocimiento fue entregado por la Fundaci\u00f3n Impulso Docente, organizaci\u00f3n que trabaja hace 7 a\u00f1os formando a docentes y educadoras de todo el pa\u00eds, y que en la Regi\u00f3n de Magallanes cuenta con el apoyo de Fundaci\u00f3n Teraike.<\/p>\n\n\n\n<p>Bernardita Yuraszeck, directora ejecutiva de la Fundaci\u00f3n Impulso Docente, se\u00f1al\u00f3 que \u201chan sido a\u00f1os muy complejos para las comunidades educativas, especialmente para los docentes, donde se ha hecho todav\u00eda m\u00e1s expl\u00edcita la sensaci\u00f3n de agobio. En este contexto, el rol de liderazgo positivo y de acompa\u00f1amiento que ejercen los mentores y las&nbsp;mentoras&nbsp;en sus establecimientos es clave si queremos avanzar hacia una cultura de bienestar y de colaboraci\u00f3n en nuestras escuelas\u201d.<\/p>\n\n\n\n<p>Marcela \u00c1lvarez, profesora y encargada de convivencia escolar de la Escuela Elba Ojeda G\u00f3mez, lo ha podido experimentar en su comunidad educativa. \u201cCon mucho orgullo puedo decir que soy mentora. El apoyo que siente tanto el profesor acompa\u00f1ado como el mentor es fundamental. El aprendizaje debe ocurrir dentro del aula y si nos apoyamos mutuamente este camino es menos pesado\u201d.<\/p>\n\n\n\n<p>Felipe Mac\u00edas, profesor y mentor de la Escuela Juan Williams, tambi\u00e9n destaca que esta formaci\u00f3n lo ha ayudado a conocer las diversas caracter\u00edsticas y formas que tienen de trabajar otros profesores. Salir del ambiente al que muchas veces esta profesi\u00f3n nos lleva, de estar encerrados cada uno en su forma de trabajar, d\u00e1ndose espacio para mirar y aprender del otro\u201d.<\/p>\n\n\n\n<p>Los beneficios de la mentor\u00eda y acompa\u00f1amiento entre docentes son diversos, entre ellos, mejora el bienestar, favorece la estabilidad organizacional y contribuye a mejorar los aprendizajes de estudiantes. Por esta raz\u00f3n, el Sistema de Desarrollo Profesional Docente integra la formaci\u00f3n de mentores como uno de sus ejes. Seg\u00fan cifras del Mineduc, en la Regi\u00f3n de Magallanes 59 docentes se han formado como mentores, 55 profesores y 4 educadoras de p\u00e1rvulos.<\/p>\n\n\n\n<p>Junto con la formaci\u00f3n de mentores en la regi\u00f3n, durante los \u00faltimos tres a\u00f1os se realiz\u00f3 un trabajo de asesor\u00eda integral en las escuelas Elba Ojeda G\u00f3mez y Juan Williams para potenciar la colaboraci\u00f3n entre docentes. \u201cSi queremos ver cambios significativos, debemos seguir trabajando colaborativamente tanto dentro de las escuelas como entre organizaciones comprometidas con la educaci\u00f3n\u201d, agreg\u00f3 Yuraszeck.<\/p>\n\n\n\n<p>\u201cAgradecemos la labor que realiza Impulso Docente acompa\u00f1ando a directivos y profesores y destacamos la resiliencia, flexibilidad y motivaci\u00f3n de los equipos de las escuelas Juan Williams y Elba Ojeda G\u00f3mez que culminan su participaci\u00f3n en el Programa Teraike con mucho \u00e9xito. Han quedado capacidades instaladas y mentores que acompa\u00f1ar\u00e1n a la comunidad, lo que permitir\u00e1 que los estudiantes mejoren sus aprendizajes y los docentes sigan creciendo\u201d, destac\u00f3 Francisca Vogt, directora ejecutiva de Fundaci\u00f3n Teraike.<\/p>\n","protected":false},"excerpt":{"rendered":"<p>En una ceremonia realizada en el Centro Cultural de Punta Arenas, 20 profesores y profesoras de 5 colegios de la Regi\u00f3n de Magallanes fueron distinguidos por su labor como mentores&#8230; <a class=\"read-more\" href=\"https:\/\/www.radiopresidenteibanez.cl\/web\/impulso-docente-reconoce-a-20-profesores-de-magallanes-por-su-labor-como-mentores\/\">Leer m\u00e1s<\/a><\/p>\n","protected":false},"author":2,"featured_media":34184,"comment_status":"closed","ping_status":"closed","sticky":false,"template":"","format":"standard","meta":{"footnotes":""},"categories":[1],"tags":[],"class_list":["post-34183","post","type-post","status-publish","format-standard","has-post-thumbnail","hentry","category-cronica"],"_links":{"self":[{"href":"https:\/\/www.radiopresidenteibanez.cl\/web\/wp-json\/wp\/v2\/posts\/34183","targetHints":{"allow":["GET"]}}],"collection":[{"href":"https:\/\/www.radiopresidenteibanez.cl\/web\/wp-json\/wp\/v2\/posts"}],"about":[{"href":"https:\/\/www.radiopresidenteibanez.cl\/web\/wp-json\/wp\/v2\/types\/post"}],"author":[{"embeddable":true,"href":"https:\/\/www.radiopresidenteibanez.cl\/web\/wp-json\/wp\/v2\/users\/2"}],"replies":[{"embeddable":true,"href":"https:\/\/www.radiopresidenteibanez.cl\/web\/wp-json\/wp\/v2\/comments?post=34183"}],"version-history":[{"count":0,"href":"https:\/\/www.radiopresidenteibanez.cl\/web\/wp-json\/wp\/v2\/posts\/34183\/revisions"}],"wp:featuredmedia":[{"embeddable":true,"href":"https:\/\/www.radiopresidenteibanez.cl\/web\/wp-json\/wp\/v2\/media\/34184"}],"wp:attachment":[{"href":"https:\/\/www.radiopresidenteibanez.cl\/web\/wp-json\/wp\/v2\/media?parent=34183"}],"wp:term":[{"taxonomy":"category","embeddable":true,"href":"https:\/\/www.radiopresidenteibanez.cl\/web\/wp-json\/wp\/v2\/categories?post=34183"},{"taxonomy":"post_tag","embeddable":true,"href":"https:\/\/www.radiopresidenteibanez.cl\/web\/wp-json\/wp\/v2\/tags?post=34183"}],"curies":[{"name":"wp","href":"https:\/\/api.w.org\/{rel}","templated":true}]}}