{"id":34180,"date":"2022-11-05T16:53:00","date_gmt":"2022-11-05T19:53:00","guid":{"rendered":"https:\/\/www.radiopresidenteibanez.cl\/web\/?p=34180"},"modified":"2022-11-05T00:12:07","modified_gmt":"2022-11-05T03:12:07","slug":"constituyen-mesa-tecnica-del-sector-publico","status":"publish","type":"post","link":"https:\/\/www.radiopresidenteibanez.cl\/web\/constituyen-mesa-tecnica-del-sector-publico\/","title":{"rendered":"<strong>Constituyen Mesa t\u00e9cnica del Sector P\u00fablico <\/strong>"},"content":{"rendered":"\n<p>Con la participaci\u00f3n de diferentes gremios del sector p\u00fablico de la regi\u00f3n y los Seremis de Hacienda y Trabajo, esta semana se dio por iniciada la mesa t\u00e9cnica del sector p\u00fablico, instancia que trabaja para mejorar y equilibrar las condiciones laborales de los funcionarios estatales de la zona.<\/p>\n\n\n\n<p>A partir de esta jornada, los trabajadores fiscales y las autoridades regionales comenzar\u00e1n el trabajo para el levantamiento de un proyecto del costo de la vida en Magallanes, diferenciado con el resto del pa\u00eds, el cual tendr\u00e1 financiamiento por parte del Gobierno Regional.<\/p>\n\n\n\n<p>Para el titular de Hacienda, Christian Gallardo, \u201ceste es un gran avance para los gremios que pertenecen a la mesa del sector p\u00fablico, donde podemos intercambiar y conversar sobre la realidad regional para buscar un punto de encuentro en las demandas levantadas. No tengo dudas de la disposici\u00f3n de los trabajadores para llegar al mejor acuerdo\u201d, expres\u00f3 Gallardo.<\/p>\n\n\n\n<p>En esta ocasi\u00f3n, la mesa cont\u00f3 con la participaci\u00f3n de la directora del Observatorio Laboral de Magallanes, Leandra Mac\u00edas, para entregar orientaci\u00f3n respecto al proceso de recolecci\u00f3n de datos para la realizaci\u00f3n del estudio.<\/p>\n\n\n\n<p>Al respecto, la Seremi del Trabajo, Doris Sandoval, expres\u00f3 que \u201csolicitamos la presencia, tanto de la directora regional de Sence como del Observatorio Laboral, para apoyar en este caso el inicio de lo que ser\u00e1 el levantamiento de datos para el estudio de costo de vida. Estamos muy optimistas del trabajo que estamos iniciando con la instancia t\u00e9cnica que se ha conformado hoy d\u00eda para avanzar en las hist\u00f3ricas demandas que tiene el sector en nuestra regi\u00f3n\u201d.<\/p>\n\n\n\n<p>El objetivo de esta mesa t\u00e9cnica que se establece ahora es dar continuidad al trabajo iniciado a principios de octubre y, con ello, avanzar en acuerdos y compromisos, dando cuenta con ello de la prioridad que ha otorgado el gobierno del Presidente Gabriel Boric a los trabajadores\/as de la zona.<\/p>\n\n\n\n<p>La vocera y coordinadora de la mesa del sector p\u00fablico, M\u00f3nica \u00c1lvarez, destac\u00f3 esta voluntad de avanzar. \u201cEstamos oficializando hoy el trabajo de la mesa t\u00e9cnica, ya tenemos los titulares y los suplentes y, bueno, lo importante es rescatar el \u00e1nimo de avanzar, de poder tener un instrumento que nos permita que este bono de complemento de zona se ampl\u00ede el monto y la cobertura, que es un compromiso que tenemos con los dem\u00e1s gremios. Estamos trabajando en eso\u201d.<\/p>\n\n\n\n<p>Durante la jornada se estableci\u00f3 la periodicidad de las reuniones de la mesa t\u00e9cnica y ampliada en las que se ir\u00e1 dando cuenta del trabajo desarrollado a partir de los gremios que fueron part\u00edcipes de esta conformaci\u00f3n: la Asociaci\u00f3n de Funcionarios de la Umag (Afum), Asociaci\u00f3n de Funcionarios de la Junji (Ajunji), la Federaci\u00f3n Nacional de Trabajadores de la Salud (Fenats) Magallanes, Confederaci\u00f3n Nacional de Trabajadores de la Salud Municipal (Confusam) Magallanes, Federaci\u00f3n Nacional de Asociaciones de Funcionarios T\u00e9cnicos de los servicios de salud (Fentess) Magallanes, Confederaci\u00f3n Nacional de Profesionales Universitarios de los Servicios de Salud (Fenpruss) Magallanes y Anef Magallanes.<\/p>\n","protected":false},"excerpt":{"rendered":"<p>Con la participaci\u00f3n de diferentes gremios del sector p\u00fablico de la regi\u00f3n y los Seremis de Hacienda y Trabajo, esta semana se dio por iniciada la mesa t\u00e9cnica del sector&#8230; <a class=\"read-more\" href=\"https:\/\/www.radiopresidenteibanez.cl\/web\/constituyen-mesa-tecnica-del-sector-publico\/\">Leer m\u00e1s<\/a><\/p>\n","protected":false},"author":2,"featured_media":34181,"comment_status":"closed","ping_status":"closed","sticky":false,"template":"","format":"standard","meta":{"footnotes":""},"categories":[1],"tags":[],"class_list":["post-34180","post","type-post","status-publish","format-standard","has-post-thumbnail","hentry","category-cronica"],"_links":{"self":[{"href":"https:\/\/www.radiopresidenteibanez.cl\/web\/wp-json\/wp\/v2\/posts\/34180","targetHints":{"allow":["GET"]}}],"collection":[{"href":"https:\/\/www.radiopresidenteibanez.cl\/web\/wp-json\/wp\/v2\/posts"}],"about":[{"href":"https:\/\/www.radiopresidenteibanez.cl\/web\/wp-json\/wp\/v2\/types\/post"}],"author":[{"embeddable":true,"href":"https:\/\/www.radiopresidenteibanez.cl\/web\/wp-json\/wp\/v2\/users\/2"}],"replies":[{"embeddable":true,"href":"https:\/\/www.radiopresidenteibanez.cl\/web\/wp-json\/wp\/v2\/comments?post=34180"}],"version-history":[{"count":0,"href":"https:\/\/www.radiopresidenteibanez.cl\/web\/wp-json\/wp\/v2\/posts\/34180\/revisions"}],"wp:featuredmedia":[{"embeddable":true,"href":"https:\/\/www.radiopresidenteibanez.cl\/web\/wp-json\/wp\/v2\/media\/34181"}],"wp:attachment":[{"href":"https:\/\/www.radiopresidenteibanez.cl\/web\/wp-json\/wp\/v2\/media?parent=34180"}],"wp:term":[{"taxonomy":"category","embeddable":true,"href":"https:\/\/www.radiopresidenteibanez.cl\/web\/wp-json\/wp\/v2\/categories?post=34180"},{"taxonomy":"post_tag","embeddable":true,"href":"https:\/\/www.radiopresidenteibanez.cl\/web\/wp-json\/wp\/v2\/tags?post=34180"}],"curies":[{"name":"wp","href":"https:\/\/api.w.org\/{rel}","templated":true}]}}