{"id":34177,"date":"2022-11-05T15:19:00","date_gmt":"2022-11-05T18:19:00","guid":{"rendered":"https:\/\/www.radiopresidenteibanez.cl\/web\/?p=34177"},"modified":"2022-11-05T00:06:38","modified_gmt":"2022-11-05T03:06:38","slug":"comenzo-oficialmente-estudio-para-adaptar-vehiculos-de-hasta-15-anos-de-antiguedad-a-gnc","status":"publish","type":"post","link":"https:\/\/www.radiopresidenteibanez.cl\/web\/comenzo-oficialmente-estudio-para-adaptar-vehiculos-de-hasta-15-anos-de-antiguedad-a-gnc\/","title":{"rendered":"<strong>Comenz\u00f3 oficialmente estudio para adaptar veh\u00edculos de hasta 15 a\u00f1os de antig\u00fcedad a GNC<\/strong>"},"content":{"rendered":"\n<p>Son 6 los veh\u00edculos que integran el llamado \u201cPlan experimental de uso a GNC en veh\u00edculos con antig\u00fcedad hasta 15 a\u00f1os\u201d, solicitado por Tecso GNV Ltda. al Centro de Control y Certificaci\u00f3n del MTT a trav\u00e9s de la seremi de Transportes y Telecomunicaciones de Magallanes. Desde este 2 de noviembre comenz\u00f3 a regir el plazo de tres meses para el estudio, que debe demostrar la factibilidad t\u00e9cnica de los veh\u00edculos de hasta 15 a\u00f1os de antig\u00fcedad para ser adaptados a gas natural comprimido (GNC), desde la publicaci\u00f3n en el diario oficial de la resoluci\u00f3n que oficializa el estudio.<\/p>\n\n\n\n<p>\u201cEsto va a beneficiar a mayor n\u00famero de personas. Porque la diferencia del valor del gas natural comprimido versus el valor de las gasolinas es sustancial y esto va a afectar positivamente el bolsillo de los usuarios\u201d, dijo el seremi de Transportes y Telecomunicaciones Rodrigo Hern\u00e1ndez en la Planta de Revisi\u00f3n T\u00e9cnica, donde se realizar\u00e1n las tres mediciones de gases que considera el estudio.<\/p>\n\n\n\n<p>Record\u00f3 Hern\u00e1ndez que desde 1978 se usa GNC como combustible vehicular en Magallanes, antiguamente para veh\u00edculos de transporte menor, evolucionando al transporte de pasajeros para ser hoy utilizado tambi\u00e9n en veh\u00edculos particulares. \u201cHace poco ya ampliamos (en el decreto 98) la factibilidad para veh\u00edculos de hasta 7 a\u00f1os de fabricaci\u00f3n, mientras esperamos los resultados del plan piloto\u201d, se\u00f1al\u00f3.<\/p>\n\n\n\n<p>Por su parte la diputada por la regi\u00f3n Javiera Morales, una de las gestoras del proyecto, indic\u00f3 que se sent\u00eda feliz de haber tenido tan buena recepci\u00f3n por parte del ministro de esta iniciativa que naci\u00f3 en la regi\u00f3n. \u201cHoy vemos que se cumple un hito m\u00e1s de esta pol\u00edtica p\u00fablica y esperamos en los pr\u00f3ximos meses tener la excelente noticia de que van a poder ampliarse la antig\u00fcedad a 15 a\u00f1os y entonces, gran parte del parque automotriz de la regi\u00f3n va a poder acceder a este combustible que es m\u00e1s barato y m\u00e1s amigable con el medio ambiente\u201d.<\/p>\n\n\n\n<p>\u201cEsta ser\u00e1 una pol\u00edtica p\u00fablica que nace en Magallanes y que despu\u00e9s se va a replicar en todo el pa\u00eds\u201d, expres\u00f3 el seremi de Hacienda Christian Gallardo. Agreg\u00f3 que esto es parte de un proceso que se est\u00e1 impulsando desde el gobierno y que tiene relaci\u00f3n con aliviar el costo de la vida de las personas. \u201cPor cada una de las cargas de gas que se realizan, hay un ahorro de un 85%\u201d, a\u00f1adi\u00f3.<\/p>\n\n\n\n<p>Gallardo coment\u00f3 que junto al gobernador regional Jorge Flies est\u00e1n elaborando un proyecto para generar un subsidio que apoye a quienes m\u00e1s lo necesitan a que realicen la adaptaci\u00f3n de sus veh\u00edculos, el que se espera pueda ver la luz para el 2023.<\/p>\n","protected":false},"excerpt":{"rendered":"<p>Son 6 los veh\u00edculos que integran el llamado \u201cPlan experimental de uso a GNC en veh\u00edculos con antig\u00fcedad hasta 15 a\u00f1os\u201d, solicitado por Tecso GNV Ltda. al Centro de Control&#8230; <a class=\"read-more\" href=\"https:\/\/www.radiopresidenteibanez.cl\/web\/comenzo-oficialmente-estudio-para-adaptar-vehiculos-de-hasta-15-anos-de-antiguedad-a-gnc\/\">Leer m\u00e1s<\/a><\/p>\n","protected":false},"author":2,"featured_media":34178,"comment_status":"closed","ping_status":"closed","sticky":false,"template":"","format":"standard","meta":{"footnotes":""},"categories":[1],"tags":[],"class_list":["post-34177","post","type-post","status-publish","format-standard","has-post-thumbnail","hentry","category-cronica"],"_links":{"self":[{"href":"https:\/\/www.radiopresidenteibanez.cl\/web\/wp-json\/wp\/v2\/posts\/34177","targetHints":{"allow":["GET"]}}],"collection":[{"href":"https:\/\/www.radiopresidenteibanez.cl\/web\/wp-json\/wp\/v2\/posts"}],"about":[{"href":"https:\/\/www.radiopresidenteibanez.cl\/web\/wp-json\/wp\/v2\/types\/post"}],"author":[{"embeddable":true,"href":"https:\/\/www.radiopresidenteibanez.cl\/web\/wp-json\/wp\/v2\/users\/2"}],"replies":[{"embeddable":true,"href":"https:\/\/www.radiopresidenteibanez.cl\/web\/wp-json\/wp\/v2\/comments?post=34177"}],"version-history":[{"count":0,"href":"https:\/\/www.radiopresidenteibanez.cl\/web\/wp-json\/wp\/v2\/posts\/34177\/revisions"}],"wp:featuredmedia":[{"embeddable":true,"href":"https:\/\/www.radiopresidenteibanez.cl\/web\/wp-json\/wp\/v2\/media\/34178"}],"wp:attachment":[{"href":"https:\/\/www.radiopresidenteibanez.cl\/web\/wp-json\/wp\/v2\/media?parent=34177"}],"wp:term":[{"taxonomy":"category","embeddable":true,"href":"https:\/\/www.radiopresidenteibanez.cl\/web\/wp-json\/wp\/v2\/categories?post=34177"},{"taxonomy":"post_tag","embeddable":true,"href":"https:\/\/www.radiopresidenteibanez.cl\/web\/wp-json\/wp\/v2\/tags?post=34177"}],"curies":[{"name":"wp","href":"https:\/\/api.w.org\/{rel}","templated":true}]}}