{"id":3416,"date":"2019-04-15T23:59:39","date_gmt":"2019-04-15T23:59:39","guid":{"rendered":"http:\/\/www.radiopresidenteibanez.cl\/web\/?p=3416"},"modified":"2019-04-15T23:59:52","modified_gmt":"2019-04-15T23:59:52","slug":"sec-ordena-a-empresas-electricas-del-pais-realizar-planes-de-invierno-para-evitar-cortes-de-luz","status":"publish","type":"post","link":"https:\/\/www.radiopresidenteibanez.cl\/web\/sec-ordena-a-empresas-electricas-del-pais-realizar-planes-de-invierno-para-evitar-cortes-de-luz\/","title":{"rendered":"SEC ORDENA A EMPRESAS EL\u00c9CTRICAS DEL PA\u00cdS REALIZAR PLANES DE INVIERNO PARA EVITAR CORTES DE LUZ"},"content":{"rendered":"\n<p>La Superintendencia de Electricidad y Combustibles, SEC, orden\u00f3 a las distintas empresas el\u00e9ctricas, que operan en el pa\u00eds, la implementaci\u00f3n de Planes de Acci\u00f3n de Invierno, a fin de evitar las interrupciones de servicio que se pudieran presentar durante esta temporada invernal, los que ser\u00e1n fiscalizados, digitalmente, y en terreno, por personal del organismo regulador.<\/p>\n\n\n\n<p>Desde la SEC, indicaron que se instruy\u00f3 a las 27 empresas de distribuci\u00f3n, con cobertura en el pa\u00eds, para que dise\u00f1en y desarrollen los respectivos Planes de Acci\u00f3n, que les permitan entregar un suministro continuo y seguro a la comunidad.<\/p>\n\n\n\n<p>Entre las acciones que podr\u00edan desarrollar est\u00e1n, por ejemplo, la poda de \u00e1rboles que est\u00e9n cerca de sus redes, aumento de cuadrillas de emergencia y el incremento de personal en sus centros de atenci\u00f3n telef\u00f3nica. Estos planes, deber\u00e1n ser presentados ante el organismo fiscalizador, el que monitorear\u00e1 su implementaci\u00f3n.<\/p>\n\n\n\n<p><strong>Juan Barticevic<\/strong>, Director Regional de SEC&nbsp;<strong>Magallanes<\/strong>, sostuvo que \u201clos ciudadanos tienen derecho a recibir un suministro continuo y seguro, para lo cual es fundamental que las empresas el\u00e9ctricas, a lo largo del pa\u00eds, cuenten con todos los recursos, tanto humanos y t\u00e9cnicos, necesarios para mantener en buen estado sus redes y responder, r\u00e1pidamente, ante emergencias como, por ejemplo, cortes de luz\u201d.<\/p>\n\n\n\n<p>Por \u00faltimo, desde la Superintendencia de Electricidad y Combustibles recordaron que, ante cortes de luz, la ciudadan\u00eda puede realizar el reclamo desde cualquier tel\u00e9fono m\u00f3vil, ingresando a&nbsp;<a href=\"http:\/\/www.sec.cl\/\" target=\"_blank\" rel=\"noreferrer noopener\">www.sec.cl<\/a>, mientras que las consultas pueden ser realizadas a trav\u00e9s de las Direcciones Regionales o el FONO SEC (600 6000 732).<\/p>\n\n\n\n<p>Adem\u00e1s, la invitaci\u00f3n es a seguir las cuentas de la SEC en Twitter (@SEC_cl) y Superintendencia SEC en Facebook, donde la ciudadan\u00eda podr\u00e1 encontrar informaci\u00f3n \u00fatil, consejos de seguridad y calidad en el uso de los energ\u00e9ticos.<\/p>\n","protected":false},"excerpt":{"rendered":"<p>La Superintendencia de Electricidad y Combustibles, SEC, orden\u00f3 a las distintas empresas el\u00e9ctricas, que operan en el pa\u00eds, la implementaci\u00f3n de Planes de Acci\u00f3n de Invierno, a fin de evitar&#8230; <a class=\"read-more\" href=\"https:\/\/www.radiopresidenteibanez.cl\/web\/sec-ordena-a-empresas-electricas-del-pais-realizar-planes-de-invierno-para-evitar-cortes-de-luz\/\">Leer m\u00e1s<\/a><\/p>\n","protected":false},"author":2,"featured_media":3417,"comment_status":"closed","ping_status":"closed","sticky":false,"template":"","format":"standard","meta":{"footnotes":""},"categories":[1],"tags":[],"class_list":["post-3416","post","type-post","status-publish","format-standard","has-post-thumbnail","hentry","category-cronica"],"_links":{"self":[{"href":"https:\/\/www.radiopresidenteibanez.cl\/web\/wp-json\/wp\/v2\/posts\/3416","targetHints":{"allow":["GET"]}}],"collection":[{"href":"https:\/\/www.radiopresidenteibanez.cl\/web\/wp-json\/wp\/v2\/posts"}],"about":[{"href":"https:\/\/www.radiopresidenteibanez.cl\/web\/wp-json\/wp\/v2\/types\/post"}],"author":[{"embeddable":true,"href":"https:\/\/www.radiopresidenteibanez.cl\/web\/wp-json\/wp\/v2\/users\/2"}],"replies":[{"embeddable":true,"href":"https:\/\/www.radiopresidenteibanez.cl\/web\/wp-json\/wp\/v2\/comments?post=3416"}],"version-history":[{"count":0,"href":"https:\/\/www.radiopresidenteibanez.cl\/web\/wp-json\/wp\/v2\/posts\/3416\/revisions"}],"wp:featuredmedia":[{"embeddable":true,"href":"https:\/\/www.radiopresidenteibanez.cl\/web\/wp-json\/wp\/v2\/media\/3417"}],"wp:attachment":[{"href":"https:\/\/www.radiopresidenteibanez.cl\/web\/wp-json\/wp\/v2\/media?parent=3416"}],"wp:term":[{"taxonomy":"category","embeddable":true,"href":"https:\/\/www.radiopresidenteibanez.cl\/web\/wp-json\/wp\/v2\/categories?post=3416"},{"taxonomy":"post_tag","embeddable":true,"href":"https:\/\/www.radiopresidenteibanez.cl\/web\/wp-json\/wp\/v2\/tags?post=3416"}],"curies":[{"name":"wp","href":"https:\/\/api.w.org\/{rel}","templated":true}]}}