{"id":34133,"date":"2022-11-04T14:13:00","date_gmt":"2022-11-04T17:13:00","guid":{"rendered":"https:\/\/www.radiopresidenteibanez.cl\/web\/?p=34133"},"modified":"2022-11-04T10:07:18","modified_gmt":"2022-11-04T13:07:18","slug":"musica-electronica-junto-al-estrecho-de-magallanes","status":"publish","type":"post","link":"https:\/\/www.radiopresidenteibanez.cl\/web\/musica-electronica-junto-al-estrecho-de-magallanes\/","title":{"rendered":"<strong>M\u00fasica electr\u00f3nica junto al Estrecho de Magallanes<\/strong>"},"content":{"rendered":"\n<p>Cuatros m\u00fasicos de la regi\u00f3n de Magallanes, con innovadoras propuestas r\u00edtmicas, animar\u00e1n la fiesta de la M\u00fasica Electr\u00f3nica este fin de semana, al aire libre y junto al Estrecho de Magallanes, en la ciudad de Punta Arenas.&nbsp;<\/p>\n\n\n\n<p>El domingo 6 de noviembre, a partir de las 15.00 horas, los exponentes de este g\u00e9nero \u00c1tomo (Marcelo Fernando Oyarzo), Criz (Cristhian Diaz Seguel), Danilo \u00c1lvarez y Goran Utz Marangunic, se presentar\u00e1n en el exterior del Espacio Cultural Imago, ubicado en Costanera del Estrecho con avenida Crist\u00f3bal Col\u00f3n, de la capital regional de Magallanes.<\/p>\n\n\n\n<p>El evento, abierto a toda la comunidad, es organizado por la Seremi de las Culturas, las Artes y el Patrimonio, y forma parte de las actividades insertas en el marco de la celebraci\u00f3n del D\u00eda de la M\u00fasica Nacional y los M\u00fasicos Chilenos.&nbsp;<\/p>\n\n\n\n<p><strong>LOS M\u00daSICOS<\/strong><\/p>\n\n\n\n<p>Danilo \u00c1lvarez, magall\u00e1nico de 31 a\u00f1os de edad, hizo sus primeras incursiones en la m\u00fasica durante su adolescencia, al descubrir los software de producci\u00f3n musical, navegando por el hiphop, reggae y dub. En el a\u00f1o 2013, fund\u00f3 su primera banda, siendo vocalista y guitarrista en TeWskas. Luego de a\u00f1os experimentando en nuevos ritmos, present\u00f3 su nuevo proyecto musical con el \u00abDnB\u00bb, experimentando con el Intelligent DnB y el NeuroFunk.<\/p>\n\n\n\n<p>\u00c1tomo es el proyecto solista que mezcla rock, electr\u00f3nica, ambient, adem\u00e1s de brotes sicod\u00e9licos. Experiencia sonora que propone un espacio para transitar de lo reflexivo a lo cat\u00e1rtico.<\/p>\n\n\n\n<p>Goran Utz Marangunic, con 6 a\u00f1os de trayectoria, se ha dedicado al techno y sus sub-g\u00e9neros. Est\u00e1 inspirado en la escena Clubber de ciudades como Berl\u00edn, Detroit y Europa en general. Con tan solo 20 a\u00f1os de edad, ya cuenta con un sonido propio y definido. Registra m\u00e1s de 10 horas publicadas de grabaciones, tanto en vivo, como en estudio. Es fundador del colectivo Noise Patagonia.<\/p>\n\n\n\n<p>Cristhian Diaz Seguel, es Dj desde hace 23 a\u00f1os. Su l\u00ednea musical apunta al House y Deep House con matices noventeros, especializ\u00e1ndose&nbsp;en la puesta en escena con trabajo de vinilos. Es fundador del sello de m\u00fasica electr\u00f3nica Kotaix Records. Entre sus trabajos destacan Selk\u2019nam Spirit, track musicalizado con sonido de ballenas&nbsp;y registro de voces de integrantes del pueblo originario.<\/p>\n","protected":false},"excerpt":{"rendered":"<p>Cuatros m\u00fasicos de la regi\u00f3n de Magallanes, con innovadoras propuestas r\u00edtmicas, animar\u00e1n la fiesta de la M\u00fasica Electr\u00f3nica este fin de semana, al aire libre y junto al Estrecho de&#8230; <a class=\"read-more\" href=\"https:\/\/www.radiopresidenteibanez.cl\/web\/musica-electronica-junto-al-estrecho-de-magallanes\/\">Leer m\u00e1s<\/a><\/p>\n","protected":false},"author":2,"featured_media":34134,"comment_status":"closed","ping_status":"closed","sticky":false,"template":"","format":"standard","meta":{"footnotes":""},"categories":[1],"tags":[],"class_list":["post-34133","post","type-post","status-publish","format-standard","has-post-thumbnail","hentry","category-cronica"],"_links":{"self":[{"href":"https:\/\/www.radiopresidenteibanez.cl\/web\/wp-json\/wp\/v2\/posts\/34133","targetHints":{"allow":["GET"]}}],"collection":[{"href":"https:\/\/www.radiopresidenteibanez.cl\/web\/wp-json\/wp\/v2\/posts"}],"about":[{"href":"https:\/\/www.radiopresidenteibanez.cl\/web\/wp-json\/wp\/v2\/types\/post"}],"author":[{"embeddable":true,"href":"https:\/\/www.radiopresidenteibanez.cl\/web\/wp-json\/wp\/v2\/users\/2"}],"replies":[{"embeddable":true,"href":"https:\/\/www.radiopresidenteibanez.cl\/web\/wp-json\/wp\/v2\/comments?post=34133"}],"version-history":[{"count":0,"href":"https:\/\/www.radiopresidenteibanez.cl\/web\/wp-json\/wp\/v2\/posts\/34133\/revisions"}],"wp:featuredmedia":[{"embeddable":true,"href":"https:\/\/www.radiopresidenteibanez.cl\/web\/wp-json\/wp\/v2\/media\/34134"}],"wp:attachment":[{"href":"https:\/\/www.radiopresidenteibanez.cl\/web\/wp-json\/wp\/v2\/media?parent=34133"}],"wp:term":[{"taxonomy":"category","embeddable":true,"href":"https:\/\/www.radiopresidenteibanez.cl\/web\/wp-json\/wp\/v2\/categories?post=34133"},{"taxonomy":"post_tag","embeddable":true,"href":"https:\/\/www.radiopresidenteibanez.cl\/web\/wp-json\/wp\/v2\/tags?post=34133"}],"curies":[{"name":"wp","href":"https:\/\/api.w.org\/{rel}","templated":true}]}}