{"id":34127,"date":"2022-11-04T11:43:00","date_gmt":"2022-11-04T14:43:00","guid":{"rendered":"https:\/\/www.radiopresidenteibanez.cl\/web\/?p=34127"},"modified":"2022-11-04T09:56:52","modified_gmt":"2022-11-04T12:56:52","slug":"servicio-local-de-educacion-publica-de-magallanes-recibe-apoyo-de-diputada-javiera-morales-cs","status":"publish","type":"post","link":"https:\/\/www.radiopresidenteibanez.cl\/web\/servicio-local-de-educacion-publica-de-magallanes-recibe-apoyo-de-diputada-javiera-morales-cs\/","title":{"rendered":"<strong>SERVICIO LOCAL DE EDUCACI\u00d3N P\u00daBLICA DE MAGALLANES RECIBE APOYO DE DIPUTADA JAVIERA MORALES (CS)\u00a0<\/strong>"},"content":{"rendered":"\n<p>Para despejar dudas sobre el proceso de instalaci\u00f3n y posterior traspaso de los establecimientos educacionales municipales al nuevo Servicio de Educaci\u00f3n P\u00fablica, el director ejecutivo del SELP Magallanes, Mario Garc\u00eda Mart\u00ednez, se reuni\u00f3 con la diputada por Magallanes, Javiera Morales.&nbsp;&nbsp;<\/p>\n\n\n\n<p>El encuentro tuvo como objetivo abordar diversos temas sobre el funcionamiento de los Servicios Locales de Educaci\u00f3n P\u00fablica (SLEP), y detallar el traspaso de los 53 establecimientos educacionales y 10 jardines infantiles VTF que recibir\u00e1 el SLEP en enero de 2024, fecha en la cual se producir\u00eda el cambio de sistema una vez se apruebe la Ley Miscel\u00e1nea, proyecto de ley que permitir\u00eda retrasar, en un a\u00f1o, el proceso.&nbsp;<\/p>\n\n\n\n<p>\u201cEste encuentro permiti\u00f3 entregar a la diputada el estado de avance del proceso de instalaci\u00f3n del Servicio, as\u00ed como tambi\u00e9n los desaf\u00edos y compromisos que este gran proyecto de la educaci\u00f3n conlleva para la regi\u00f3n de Magallanes. Abordamos el compromiso de este servicio para fortalecer las comunidades educativas, asegurando que las grandes decisiones se tomar\u00e1n bajo ese criterio y no reduciendo la gesti\u00f3n educacional sobre lo econ\u00f3mico\u201d se\u00f1al\u00f3 Mario Garc\u00eda al concluir la reuni\u00f3n.&nbsp;&nbsp;<\/p>\n\n\n\n<p>Junto a lo anterior, el director ejecutivo valor\u00f3 el apoyo de la parlamentaria, al haber recibido de ella el compromiso de trabajar en conjunto por la educaci\u00f3n p\u00fablica. \u201cEn esa l\u00ednea planificamos con la parlamentaria que ning\u00fan jard\u00edn, escuela o liceo se va a cerrar por este servicio y que ning\u00fan profesor o asistente de la educaci\u00f3n abandonar\u00e1 su comunidad por decisiones esencialmente financieras. En este caso contamos con el apoyo de la diputada Morales y juntos, como un gran sistema, nos aseguraremos que la regi\u00f3n de Magallanes cuente con una educaci\u00f3n p\u00fablica gratuita y de calidad\u201d, sentenci\u00f3 Garc\u00eda.&nbsp;<\/p>\n\n\n\n<p>En la reuni\u00f3n, la Diputada del Distrito 28, escuch\u00f3 en detalle las acciones que el SLEP Magallanes tiene contempladas para mejorar y corregir algunos procesos administrativos y de gesti\u00f3n que, en la experiencia de otros SLEP, han dificultado el traspaso en otras regiones.&nbsp;&nbsp;<\/p>\n\n\n\n<p>\u201cEsta fue una excelente reuni\u00f3n, a quien tuve la oportunidad de consultar sobre el estado de avance del traspaso que, originalmente estaba previsto para inicios del pr\u00f3ximo a\u00f1o y que a trav\u00e9s de la Ley Miscel\u00e1nea que fue propuesta por este gobierno &#8211; y que estamos apoyando &#8211; se atrasa un a\u00f1o m\u00e1s para que este proceso de instalaci\u00f3n se haga con el objetivo de mejorar la Educaci\u00f3n P\u00fablica en nuestra regi\u00f3n, y con eso asegurar la tranquilidad de los que hoy d\u00eda tambi\u00e9n trabajan en la educaci\u00f3n p\u00fablica\u201d dijo la diputada de Convergencia Social (CS).&nbsp;&nbsp;<\/p>\n\n\n\n<p>Al respecto, Javiera Morales ha manifestado p\u00fablicamente su apoyo a la aprobaci\u00f3n de la Ley Miscel\u00e1nea que se discute en el Congreso y que permitir\u00e1 retrasar el traspaso hasta el 2024, de manera de corregir con el tiempo suficiente, los procesos de los SLEP.&nbsp;\u201cHemos conversado dudas, hemos resuelto distintas interrogantes y espero que esta capacidad de di\u00e1logo siga avanzando e integrando a este gran desaf\u00edo que es la educaci\u00f3n p\u00fablica\u201d, concluy\u00f3 Morales.&nbsp;&nbsp;<\/p>\n","protected":false},"excerpt":{"rendered":"<p>Para despejar dudas sobre el proceso de instalaci\u00f3n y posterior traspaso de los establecimientos educacionales municipales al nuevo Servicio de Educaci\u00f3n P\u00fablica, el director ejecutivo del SELP Magallanes, Mario Garc\u00eda&#8230; <a class=\"read-more\" href=\"https:\/\/www.radiopresidenteibanez.cl\/web\/servicio-local-de-educacion-publica-de-magallanes-recibe-apoyo-de-diputada-javiera-morales-cs\/\">Leer m\u00e1s<\/a><\/p>\n","protected":false},"author":2,"featured_media":34128,"comment_status":"closed","ping_status":"closed","sticky":false,"template":"","format":"standard","meta":{"footnotes":""},"categories":[1],"tags":[],"class_list":["post-34127","post","type-post","status-publish","format-standard","has-post-thumbnail","hentry","category-cronica"],"_links":{"self":[{"href":"https:\/\/www.radiopresidenteibanez.cl\/web\/wp-json\/wp\/v2\/posts\/34127","targetHints":{"allow":["GET"]}}],"collection":[{"href":"https:\/\/www.radiopresidenteibanez.cl\/web\/wp-json\/wp\/v2\/posts"}],"about":[{"href":"https:\/\/www.radiopresidenteibanez.cl\/web\/wp-json\/wp\/v2\/types\/post"}],"author":[{"embeddable":true,"href":"https:\/\/www.radiopresidenteibanez.cl\/web\/wp-json\/wp\/v2\/users\/2"}],"replies":[{"embeddable":true,"href":"https:\/\/www.radiopresidenteibanez.cl\/web\/wp-json\/wp\/v2\/comments?post=34127"}],"version-history":[{"count":0,"href":"https:\/\/www.radiopresidenteibanez.cl\/web\/wp-json\/wp\/v2\/posts\/34127\/revisions"}],"wp:featuredmedia":[{"embeddable":true,"href":"https:\/\/www.radiopresidenteibanez.cl\/web\/wp-json\/wp\/v2\/media\/34128"}],"wp:attachment":[{"href":"https:\/\/www.radiopresidenteibanez.cl\/web\/wp-json\/wp\/v2\/media?parent=34127"}],"wp:term":[{"taxonomy":"category","embeddable":true,"href":"https:\/\/www.radiopresidenteibanez.cl\/web\/wp-json\/wp\/v2\/categories?post=34127"},{"taxonomy":"post_tag","embeddable":true,"href":"https:\/\/www.radiopresidenteibanez.cl\/web\/wp-json\/wp\/v2\/tags?post=34127"}],"curies":[{"name":"wp","href":"https:\/\/api.w.org\/{rel}","templated":true}]}}