{"id":34099,"date":"2022-11-03T19:10:00","date_gmt":"2022-11-03T22:10:00","guid":{"rendered":"https:\/\/www.radiopresidenteibanez.cl\/web\/?p=34099"},"modified":"2022-11-03T15:34:52","modified_gmt":"2022-11-03T18:34:52","slug":"estudiantes-y-docentes-umag-conocieron-el-funcionamiento-de-la-planta-experimental-de-hidrogeno-de-pico-truncado","status":"publish","type":"post","link":"https:\/\/www.radiopresidenteibanez.cl\/web\/estudiantes-y-docentes-umag-conocieron-el-funcionamiento-de-la-planta-experimental-de-hidrogeno-de-pico-truncado\/","title":{"rendered":"<strong>Estudiantes y docentes UMAG conocieron el funcionamiento de la Planta Experimental de Hidr\u00f3geno de Pico Truncado<\/strong>"},"content":{"rendered":"\n<p>La y los estudiantes&nbsp;<strong>Paula Beros<\/strong>&nbsp;(Ingenier\u00eda Civil Mec\u00e1nica),&nbsp;<strong>Joaqu\u00edn Mayorga<\/strong>&nbsp;(Ingenier\u00eda Civil Qu\u00edmica),&nbsp;<strong>Jos\u00e9 Paredes&nbsp;<\/strong>(Ingenier\u00eda El\u00e9ctrica),&nbsp;<strong>Felipe V\u00e1squez&nbsp;<\/strong>(Ingenier\u00eda El\u00e9ctrica) y&nbsp;<strong>Marco Arellano<\/strong>&nbsp;(Ingenier\u00eda Civil en Electricidad menci\u00f3n electr\u00f3nica industrial) viajaron, a principios de octubre, alrededor de 900 kil\u00f3metros al norte de la Patagonia argentina para completar uno de los prop\u00f3sitos que se trazaron cuando se adjudicaron los recursos del Fondo de Desarrollo Institucional del Ministerio de Educaci\u00f3n (FDI) para ejecutar un proyecto de emprendimiento estudiantil en la l\u00ednea energ\u00e9tica.<\/p>\n\n\n\n<p>Se trata de una visita programada, junto con los docentes del Centro de Estudios de los Recursos Energ\u00e9ticos (CERE),&nbsp;<strong>Humberto Vidal<\/strong>&nbsp;y&nbsp;<strong>Mar\u00eda Rosa Gallardo,<\/strong>&nbsp;a la&nbsp;<strong>Planta Experimental de Hidr\u00f3geno de Pico Truncado,&nbsp;<\/strong>en la Provincia de Santa Cruz, lugar donde arribaron para observar e interiorizarse del funcionamiento de la Planta p\u00fablica de Hidr\u00f3geno argentina como parte de la iniciativa&nbsp;<em><a href=\"http:\/\/www.umag.cl\/vcm\/?p=52988\" target=\"_blank\" rel=\"noreferrer noopener\">\u201cGeneraci\u00f3n de Hidr\u00f3geno Verde a Escala de Laboratorio con Aerogenerador de eje vertical en la Regi\u00f3n de Magallanes\u201d<\/a>&nbsp;<\/em>y, en un contexto m\u00e1s macro, de la alianza que el plantel chileno sostiene junto al recinto y otras instituciones nacionales y extranjeras, en torno al trabajo de la&nbsp;<em><a href=\"http:\/\/www.umag.cl\/vcm\/?p=41948\" target=\"_blank\" rel=\"noreferrer noopener\">Mesa de Hidr\u00f3geno Austral.<\/a><\/em><\/p>\n\n\n\n<p>\u201cNosotros como planta somos escuela-f\u00e1brica y siempre tenemos esa impronta de escuela. Entonces cuando ellos (UMAG) presentan un proyecto en Chile para que financie este tipo de actividades, nosotros, desde Argentina, aprovechamos de traer a los alumnos de la UNPA que est\u00e1n haciendo una ingenier\u00eda electromec\u00e1nica y que dentro de su curr\u00edculo tienen tres materias de hidr\u00f3geno, para sostener una capacitaci\u00f3n en hidr\u00f3geno binacional\u201d, coment\u00f3 la directora de la Planta dependiente del municipio de Pico Truncado,&nbsp;<strong>Mabel Herrera.<\/strong><\/p>\n\n\n\n<p>De esta forma, la tambi\u00e9n licenciada en F\u00edsica con especialidad en Gesti\u00f3n Ambiental, detall\u00f3 el itinerario de la visita: \u201cEn principio el inter\u00e9s era abordar todo lo e\u00f3lico y recorrimos el&nbsp;<strong>parque \u201cBicentenario\u201d,<\/strong>&nbsp;localizado en el sector de Trujillo.&nbsp; Ah\u00ed nos permitieron acceder toda una jornada completa donde nos dieron una capacitaci\u00f3n interna a todo el grupo que fuimos. El segundo d\u00eda ya nos abocamos directamente al trabajo de hidr\u00f3geno, donde hubo una parte te\u00f3rica en la ma\u00f1ana y en la tarde se realizaron los trabajos pr\u00e1cticos con compresores, el electrolizador funcionando y mostrando la utilizaci\u00f3n del hidr\u00f3geno que producimos ac\u00e1\u201d.<\/p>\n\n\n\n<p>Posteriormente, la y los estudiantes y docentes UMAG, fueron recibidos por el&nbsp;<strong>Intendente Osvaldo Maim\u00f3&nbsp;<\/strong>en el municipio, quien les expuso los principales avances de la Planta, y su pronto paso a una etapa semi-industrial, tras el acuerdo rubricado con el gobierno provincial. All\u00ed la autoridad, valor\u00f3 el inter\u00e9s de la casa de estudios por el trabajo que Pico Truncado realiza en materia de hidr\u00f3geno y energ\u00edas renovables desde 2005 y entreg\u00f3 unos presentes al equipo que particip\u00f3, activamente, de la jornada de capacitaci\u00f3n.<\/p>\n\n\n\n<p>La estudiante&nbsp;<strong>Paula Beros,&nbsp;<\/strong>resumi\u00f3 que \u201cfue una gran experiencia, tanto para m\u00ed como para mis compa\u00f1eros, porque ninguno de nosotros hab\u00eda estado dentro de un aerogenerador o hab\u00eda visto todos los equipos que tiene una planta de hidr\u00f3geno\u201d. Seg\u00fan relat\u00f3 la futura ingeniera, \u201ctuvimos clases, estuvimos compartiendo con compa\u00f1eros de Caleta Olivia, tuvimos partes te\u00f3ricas, partes pr\u00e1cticas en donde pudimos estar in situ, ver el funcionamiento del aerogenerador, los equipos y tener charlas sobre esto, adem\u00e1s de conocer los planes que ellos tienen a futuro\u201d.<\/p>\n\n\n\n<p>En referencia a esto, la alumna concluy\u00f3 que \u201ceste proyecto FDI nos sirvi\u00f3 bastante, y nuestra idea es transmitir lo que pudimos realizar y lo que aprendimos, para seguir trabajando en esta l\u00ednea, con el objetivo de que el electrolizador y el aerogenerador de eje vertical que adquirimos no queden ah\u00ed, sino que sigan surgiendo trabajos de t\u00edtulo y otras iniciativas universitarias en materia energ\u00e9tica\u201d.<\/p>\n\n\n\n<p>Para el acad\u00e9mico y director del CERE,&nbsp;<strong>Dr. Humberto Vidal,<\/strong>&nbsp;en tanto, esta visita se convirti\u00f3 en una oportunidad de intercambiar experiencias formativas de cara a la industria del hidr\u00f3geno verde en Magallanes. \u201cEstamos aqu\u00ed compartiendo un inter\u00e9s com\u00fan porque lo que nosotros visualizamos es una proyecci\u00f3n de esta industria del hidr\u00f3geno verde y sus derivados que, en el fondo, les va a tocar a nuestros estudiantes, entonces obviamente apuntamos a prepararlos para que formen parte de esa masa laboral en esta gran industria que se aproxima a pasos agigantados\u201d, dijo al&nbsp;<a href=\"https:\/\/www.youtube.com\/watch?v=w5Qti-bdWGY\" target=\"_blank\" rel=\"noreferrer noopener\">canal de televisi\u00f3n \u201cActivo\u201d de Pico Truncado.<\/a><\/p>\n\n\n\n<p>Habiendo completado su ciclo experimental con \u00e9xito, la planta de Pico Truncado ahora se prepara para pasar a una&nbsp;<strong>fase semi industrial.<\/strong>&nbsp;El objetivo, es abastecer a veh\u00edculos en base a este elemento mezclado con GNC (Gas Natural Comprimido) y provisionar de ox\u00edgeno medicinal a centros asistenciales de la regi\u00f3n.<\/p>\n","protected":false},"excerpt":{"rendered":"<p>La y los estudiantes&nbsp;Paula Beros&nbsp;(Ingenier\u00eda Civil Mec\u00e1nica),&nbsp;Joaqu\u00edn Mayorga&nbsp;(Ingenier\u00eda Civil Qu\u00edmica),&nbsp;Jos\u00e9 Paredes&nbsp;(Ingenier\u00eda El\u00e9ctrica),&nbsp;Felipe V\u00e1squez&nbsp;(Ingenier\u00eda El\u00e9ctrica) y&nbsp;Marco Arellano&nbsp;(Ingenier\u00eda Civil en Electricidad menci\u00f3n electr\u00f3nica industrial) viajaron, a principios de octubre, alrededor de 900&#8230; <a class=\"read-more\" href=\"https:\/\/www.radiopresidenteibanez.cl\/web\/estudiantes-y-docentes-umag-conocieron-el-funcionamiento-de-la-planta-experimental-de-hidrogeno-de-pico-truncado\/\">Leer m\u00e1s<\/a><\/p>\n","protected":false},"author":2,"featured_media":34100,"comment_status":"closed","ping_status":"closed","sticky":false,"template":"","format":"standard","meta":{"footnotes":""},"categories":[1],"tags":[],"class_list":["post-34099","post","type-post","status-publish","format-standard","has-post-thumbnail","hentry","category-cronica"],"_links":{"self":[{"href":"https:\/\/www.radiopresidenteibanez.cl\/web\/wp-json\/wp\/v2\/posts\/34099","targetHints":{"allow":["GET"]}}],"collection":[{"href":"https:\/\/www.radiopresidenteibanez.cl\/web\/wp-json\/wp\/v2\/posts"}],"about":[{"href":"https:\/\/www.radiopresidenteibanez.cl\/web\/wp-json\/wp\/v2\/types\/post"}],"author":[{"embeddable":true,"href":"https:\/\/www.radiopresidenteibanez.cl\/web\/wp-json\/wp\/v2\/users\/2"}],"replies":[{"embeddable":true,"href":"https:\/\/www.radiopresidenteibanez.cl\/web\/wp-json\/wp\/v2\/comments?post=34099"}],"version-history":[{"count":0,"href":"https:\/\/www.radiopresidenteibanez.cl\/web\/wp-json\/wp\/v2\/posts\/34099\/revisions"}],"wp:featuredmedia":[{"embeddable":true,"href":"https:\/\/www.radiopresidenteibanez.cl\/web\/wp-json\/wp\/v2\/media\/34100"}],"wp:attachment":[{"href":"https:\/\/www.radiopresidenteibanez.cl\/web\/wp-json\/wp\/v2\/media?parent=34099"}],"wp:term":[{"taxonomy":"category","embeddable":true,"href":"https:\/\/www.radiopresidenteibanez.cl\/web\/wp-json\/wp\/v2\/categories?post=34099"},{"taxonomy":"post_tag","embeddable":true,"href":"https:\/\/www.radiopresidenteibanez.cl\/web\/wp-json\/wp\/v2\/tags?post=34099"}],"curies":[{"name":"wp","href":"https:\/\/api.w.org\/{rel}","templated":true}]}}