{"id":34093,"date":"2022-11-03T16:37:00","date_gmt":"2022-11-03T19:37:00","guid":{"rendered":"https:\/\/www.radiopresidenteibanez.cl\/web\/?p=34093"},"modified":"2022-11-03T15:25:39","modified_gmt":"2022-11-03T18:25:39","slug":"gran-muestra-fotografica-recopilacion-historica-escuela-las-mercedes-organiza-cft-y-seremia-de-las-culturas-arte-y-patrimonio-dentro-plan-reactivacion-cultural","status":"publish","type":"post","link":"https:\/\/www.radiopresidenteibanez.cl\/web\/gran-muestra-fotografica-recopilacion-historica-escuela-las-mercedes-organiza-cft-y-seremia-de-las-culturas-arte-y-patrimonio-dentro-plan-reactivacion-cultural\/","title":{"rendered":"Gran muestra fotogr\u00e1fica Recopilaci\u00f3n hist\u00f3rica Escuela Las Mercedes, organiza CFT y Seremia de las Culturas arte y patrimonio dentro Plan Reactivaci\u00f3n Cultural"},"content":{"rendered":"\n<p>Entre los d\u00edas 03 y 12 de noviembre se realizara una muestra fotogr\u00e1fica con recopilaci\u00f3n de hist\u00f3rica escuela las mercedes en tierra del fuego, en la comuna de Porvenir<\/p>\n\n\n\n<p>La muestra esta enmarcada dentro de las actividades organizadas por el CFT estatal y el ministerio de las culturas artes y patrimonio durante el mes de noviembre <\/p>\n","protected":false},"excerpt":{"rendered":"<p>Entre los d\u00edas 03 y 12 de noviembre se realizara una muestra fotogr\u00e1fica con recopilaci\u00f3n de hist\u00f3rica escuela las mercedes en tierra del fuego, en la comuna de Porvenir La&#8230; <a class=\"read-more\" href=\"https:\/\/www.radiopresidenteibanez.cl\/web\/gran-muestra-fotografica-recopilacion-historica-escuela-las-mercedes-organiza-cft-y-seremia-de-las-culturas-arte-y-patrimonio-dentro-plan-reactivacion-cultural\/\">Leer m\u00e1s<\/a><\/p>\n","protected":false},"author":2,"featured_media":34094,"comment_status":"closed","ping_status":"closed","sticky":false,"template":"","format":"standard","meta":{"footnotes":""},"categories":[1],"tags":[],"class_list":["post-34093","post","type-post","status-publish","format-standard","has-post-thumbnail","hentry","category-cronica"],"_links":{"self":[{"href":"https:\/\/www.radiopresidenteibanez.cl\/web\/wp-json\/wp\/v2\/posts\/34093","targetHints":{"allow":["GET"]}}],"collection":[{"href":"https:\/\/www.radiopresidenteibanez.cl\/web\/wp-json\/wp\/v2\/posts"}],"about":[{"href":"https:\/\/www.radiopresidenteibanez.cl\/web\/wp-json\/wp\/v2\/types\/post"}],"author":[{"embeddable":true,"href":"https:\/\/www.radiopresidenteibanez.cl\/web\/wp-json\/wp\/v2\/users\/2"}],"replies":[{"embeddable":true,"href":"https:\/\/www.radiopresidenteibanez.cl\/web\/wp-json\/wp\/v2\/comments?post=34093"}],"version-history":[{"count":0,"href":"https:\/\/www.radiopresidenteibanez.cl\/web\/wp-json\/wp\/v2\/posts\/34093\/revisions"}],"wp:featuredmedia":[{"embeddable":true,"href":"https:\/\/www.radiopresidenteibanez.cl\/web\/wp-json\/wp\/v2\/media\/34094"}],"wp:attachment":[{"href":"https:\/\/www.radiopresidenteibanez.cl\/web\/wp-json\/wp\/v2\/media?parent=34093"}],"wp:term":[{"taxonomy":"category","embeddable":true,"href":"https:\/\/www.radiopresidenteibanez.cl\/web\/wp-json\/wp\/v2\/categories?post=34093"},{"taxonomy":"post_tag","embeddable":true,"href":"https:\/\/www.radiopresidenteibanez.cl\/web\/wp-json\/wp\/v2\/tags?post=34093"}],"curies":[{"name":"wp","href":"https:\/\/api.w.org\/{rel}","templated":true}]}}