{"id":34090,"date":"2022-11-03T15:14:12","date_gmt":"2022-11-03T18:14:12","guid":{"rendered":"https:\/\/www.radiopresidenteibanez.cl\/web\/?p=34090"},"modified":"2022-11-03T15:14:28","modified_gmt":"2022-11-03T18:14:28","slug":"clientes-residenciales-de-aguas-magallanes-pueden-acceder-al-beneficio-para-el-pago-de-deudas-contraidas-entre-marzo-de-2020-y-diciembre-de-2021","status":"publish","type":"post","link":"https:\/\/www.radiopresidenteibanez.cl\/web\/clientes-residenciales-de-aguas-magallanes-pueden-acceder-al-beneficio-para-el-pago-de-deudas-contraidas-entre-marzo-de-2020-y-diciembre-de-2021\/","title":{"rendered":"<strong>CLIENTES RESIDENCIALES DE AGUAS MAGALLANES PUEDEN ACCEDER AL BENEFICIO PARA EL PAGO DE DEUDAS CONTRA\u00cdDAS ENTRE MARZO DE 2020 Y DICIEMBRE DE 2021<\/strong>"},"content":{"rendered":"\n<p>Un alivio para el bolsillo de las familias que, por diversos motivos, no pudieron pagar su cuenta de agua entre marzo de 2020 y diciembre de 2021, es el convenio de pago que subsidia las deudas acumuladas durante ese per\u00edodo y que est\u00e1n siendo asumidas por el Estado y por Aguas Magallanes. Esta medida, busca beneficiar a m\u00e1s de 3.000 familias de nuestra regi\u00f3n y corresponde a la ley 21.423, tambi\u00e9n llamada ley de servicios b\u00e1sicos.<\/p>\n\n\n\n<p>Pueden acceder a este beneficio, los clientes residenciales que a\u00fan mantengan deudas generadas en ese per\u00edodo y cuyo consumo promedio mensual durante el 2021, no superen los 15 m3. As\u00ed lo dio a conocer Johanna Reyes Neira, gerente de Clientes de Aguas Magallanes, quien se\u00f1al\u00f3 que, \u201cpara los vecinos beneficiados, el subsidio de 48 cuotas se incluir\u00e1 en cada cuenta, lo que significa que solo pagar\u00e1n su consumo mensual (del mes en curso). Esto \u00faltimo es muy relevante para no perder este beneficio. Los clientes deben continuar pagando su cuenta mensual no subsidiada, es decir, de enero&nbsp; de 2022 hasta ahora, de lo contrario el convenio caducar\u00e1 y esa deuda que iba a ser asumida por el Estado y por Aguas Magallanes, tendr\u00e1 que pagarla cada usuario\u201d, destac\u00f3.<\/p>\n\n\n\n<p>Adem\u00e1s, Aguas Magallanes indic\u00f3 que para aquellas familias que registren deudas fuera del per\u00edodo de pandemia, existen convenios flexibles para ponerse al d\u00eda. \u201cQueremos invitar a toda la comunidad a contactarse con la compa\u00f1\u00eda, ya sea para aclarar dudas sobre la ley de servicios b\u00e1sicos o por los dem\u00e1s planes de apoyo que tenemos disponibles para aquellas familias que mantengan deudas de agua\u201d, sostuvo Johanna Reyes.<\/p>\n\n\n\n<p>&nbsp;Para mayores consultas, se encuentra disponible 24\/7 el call center de Aguas Magallanes 612 280028 o a trav\u00e9s de las plataformas digitales,&nbsp;<a href=\"http:\/\/www.aguasmagallanes.cl\/\" target=\"_blank\" rel=\"noreferrer noopener\">www.aguasmagallanes.cl<\/a>&nbsp; y los centros de atenci\u00f3n de clientes.<\/p>\n","protected":false},"excerpt":{"rendered":"<p>Un alivio para el bolsillo de las familias que, por diversos motivos, no pudieron pagar su cuenta de agua entre marzo de 2020 y diciembre de 2021, es el convenio&#8230; <a class=\"read-more\" href=\"https:\/\/www.radiopresidenteibanez.cl\/web\/clientes-residenciales-de-aguas-magallanes-pueden-acceder-al-beneficio-para-el-pago-de-deudas-contraidas-entre-marzo-de-2020-y-diciembre-de-2021\/\">Leer m\u00e1s<\/a><\/p>\n","protected":false},"author":2,"featured_media":34091,"comment_status":"closed","ping_status":"closed","sticky":false,"template":"","format":"standard","meta":{"footnotes":""},"categories":[1],"tags":[],"class_list":["post-34090","post","type-post","status-publish","format-standard","has-post-thumbnail","hentry","category-cronica"],"_links":{"self":[{"href":"https:\/\/www.radiopresidenteibanez.cl\/web\/wp-json\/wp\/v2\/posts\/34090","targetHints":{"allow":["GET"]}}],"collection":[{"href":"https:\/\/www.radiopresidenteibanez.cl\/web\/wp-json\/wp\/v2\/posts"}],"about":[{"href":"https:\/\/www.radiopresidenteibanez.cl\/web\/wp-json\/wp\/v2\/types\/post"}],"author":[{"embeddable":true,"href":"https:\/\/www.radiopresidenteibanez.cl\/web\/wp-json\/wp\/v2\/users\/2"}],"replies":[{"embeddable":true,"href":"https:\/\/www.radiopresidenteibanez.cl\/web\/wp-json\/wp\/v2\/comments?post=34090"}],"version-history":[{"count":0,"href":"https:\/\/www.radiopresidenteibanez.cl\/web\/wp-json\/wp\/v2\/posts\/34090\/revisions"}],"wp:featuredmedia":[{"embeddable":true,"href":"https:\/\/www.radiopresidenteibanez.cl\/web\/wp-json\/wp\/v2\/media\/34091"}],"wp:attachment":[{"href":"https:\/\/www.radiopresidenteibanez.cl\/web\/wp-json\/wp\/v2\/media?parent=34090"}],"wp:term":[{"taxonomy":"category","embeddable":true,"href":"https:\/\/www.radiopresidenteibanez.cl\/web\/wp-json\/wp\/v2\/categories?post=34090"},{"taxonomy":"post_tag","embeddable":true,"href":"https:\/\/www.radiopresidenteibanez.cl\/web\/wp-json\/wp\/v2\/tags?post=34090"}],"curies":[{"name":"wp","href":"https:\/\/api.w.org\/{rel}","templated":true}]}}