{"id":34081,"date":"2022-11-03T12:15:00","date_gmt":"2022-11-03T15:15:00","guid":{"rendered":"https:\/\/www.radiopresidenteibanez.cl\/web\/?p=34081"},"modified":"2022-11-03T10:06:55","modified_gmt":"2022-11-03T13:06:55","slug":"nuestras-voces-hacen-ley-proceso-participativo-en-el-marco-de-la-politica-nacional-de-educacion-en-afectividad-y-sexualidad-integral","status":"publish","type":"post","link":"https:\/\/www.radiopresidenteibanez.cl\/web\/nuestras-voces-hacen-ley-proceso-participativo-en-el-marco-de-la-politica-nacional-de-educacion-en-afectividad-y-sexualidad-integral\/","title":{"rendered":"NUESTRAS VOCES HACEN LEY: PROCESO PARTICIPATIVO EN EL MARCO DE LA POL\u00cdTICA NACIONAL DE EDUCACI\u00d3N EN AFECTIVIDAD Y SEXUALIDAD INTEGRAL\u00a0"},"content":{"rendered":"\n<p>*El hito se realizar\u00e1 s\u00f3lo con ni\u00f1as y ni\u00f1os, el Jard\u00edn Infantil \u201cLaguna Azul\u201d ha programado otros dos encuentros: con padres, madres y familias, y el segundo, con equipos pedag\u00f3gicos.&nbsp;<\/p>\n\n\n\n<p><strong>Educaci\u00f3n Parvularia Inclusiva&nbsp;<\/strong><\/p>\n\n\n\n<p>Debe entenderse como un proceso construido junto a las familias y con toda la comunidad educativa. Para ello, resulta fundamental promover la reflexi\u00f3n personal y colectiva, reconocer las caracter\u00edsticas de nuestra sociedad, los prejuicios y estereotipos arraigados en nuestra cultura y generar acceso a fuentes de informaci\u00f3n respetuosas de los derechos humanos, como base para compartir significados sobre la diversidad y su valor, impulsar pr\u00e1cticas inclusivas en forma permanente y por parte de todos los integrantes de la comunidad educativa y generar redes para apoyar iniciativas que la favorezcan.&nbsp;&nbsp;<\/p>\n\n\n\n<p>La Educaci\u00f3n Parvularia presenta una oportunidad privilegiada para promover la equidad de g\u00e9nero, comenzando por las interacciones, ya que es a trav\u00e9s de ellas que se desarrollan las habilidades, actitudes y comportamientos que pueden fomentar esta equidad o dificultarla. Es necesario transmitir, desde las acciones y el discurso, que ni\u00f1os y ni\u00f1as a pesar de sus diferencias, tienen un igual potencial de desarrollo, promoviendo el despliegue de sus capacidades al m\u00e1ximo.&nbsp;&nbsp;<\/p>\n\n\n\n<p>Es necesario promover una pedagog\u00eda sensible al g\u00e9nero, en donde los educadores presten una atenci\u00f3n especial a las necesidades espec\u00edficas de aprendizaje de ni\u00f1os y ni\u00f1as, tanto en las interacciones como en las planificaciones y experiencias de aprendizaje que ofrecen. La educaci\u00f3n del futuro requiere fortalecer habilidades vinculadas con la creatividad, innovaci\u00f3n, pensamiento cr\u00edtico y colaboraci\u00f3n, desplegando nuevas estrategias de aprendizaje.&nbsp;&nbsp;<\/p>\n\n\n\n<p>Ni\u00f1os y ni\u00f1as deben tener iguales oportunidades en estas materias, sus formas de aprender, sus necesidades y todos los elementos que puedan facilitar o interferir en su aprendizaje deben ser considerados y abordados. La perspectiva de g\u00e9nero debe ser parte de este desaf\u00edo, procurando entregar a las ni\u00f1as herramientas que aseguren desplegar al m\u00e1ximo sus capacidades corrigiendo, si fuera el caso, factores de distorsi\u00f3n, discriminaci\u00f3n y sesgos.&nbsp;<\/p>\n\n\n\n<p><strong>Rese\u00f1a Hist\u00f3rica&nbsp;<\/strong><strong>&nbsp;<\/strong><\/p>\n\n\n\n<p>Este establecimiento educacional fue creado en el a\u00f1o 1993, est\u00e1 ubicado en Arturo Prat #2855, en pleno Barrio Sur, entregando Educaci\u00f3n Parvularia a ni\u00f1os y ni\u00f1as de las Poblaciones Manuel Bulnes, Fitz Roy, Cerro Primavera, Sim\u00f3n Bol\u00edvar, Archipi\u00e9lago de Chilo\u00e9, Fresia Alessandri, Portal de Sur y otras recientemente entregadas. Los beneficios que el establecimiento entrega a comunidad local son: educaci\u00f3n de calidad; potenciando el desarrollo integral de los ni\u00f1os y ni\u00f1as, favoreciendo la inserci\u00f3n laboral y educacional de las familias, dando oportunidades de inclusi\u00f3n para ni\u00f1os y ni\u00f1as.&nbsp;&nbsp;<\/p>\n\n\n\n<p><strong>Sello Educativo&nbsp;<\/strong>&nbsp;<\/p>\n\n\n\n<p>La unidad educativa denominada Jard\u00edn Infantil \u201cLaguna Azul\u201d promueve un curr\u00edculo integral con sello art\u00edstico que tiene como principio de acci\u00f3n a los ni\u00f1os y ni\u00f1as como sujetos de derechos, que participan activa y protag\u00f3nicamente de sus aprendizajes, con metodolog\u00edas que priorizan sus intereses, necesidades, emociones y expresiones sin olvidar nunca la importancia de lo l\u00fadico como principio relevante de nuestras pr\u00e1cticas.&nbsp;Posibilitando al ni\u00f1o y ni\u00f1a a desenvolverse con su entorno y a la vez desarrollar su cuerpo, mente y esp\u00edritu, fortaleciendo sus interacciones positivas, autonom\u00eda y resoluci\u00f3n de conflictos que promuevan las pr\u00e1cticas innovadoras e inclusivas fomentando los ambientes bien tratantes.&nbsp;&nbsp;<\/p>\n","protected":false},"excerpt":{"rendered":"<p>*El hito se realizar\u00e1 s\u00f3lo con ni\u00f1as y ni\u00f1os, el Jard\u00edn Infantil \u201cLaguna Azul\u201d ha programado otros dos encuentros: con padres, madres y familias, y el segundo, con equipos pedag\u00f3gicos.&nbsp;&#8230; <a class=\"read-more\" href=\"https:\/\/www.radiopresidenteibanez.cl\/web\/nuestras-voces-hacen-ley-proceso-participativo-en-el-marco-de-la-politica-nacional-de-educacion-en-afectividad-y-sexualidad-integral\/\">Leer m\u00e1s<\/a><\/p>\n","protected":false},"author":2,"featured_media":34082,"comment_status":"closed","ping_status":"closed","sticky":false,"template":"","format":"standard","meta":{"footnotes":""},"categories":[1],"tags":[],"class_list":["post-34081","post","type-post","status-publish","format-standard","has-post-thumbnail","hentry","category-cronica"],"_links":{"self":[{"href":"https:\/\/www.radiopresidenteibanez.cl\/web\/wp-json\/wp\/v2\/posts\/34081","targetHints":{"allow":["GET"]}}],"collection":[{"href":"https:\/\/www.radiopresidenteibanez.cl\/web\/wp-json\/wp\/v2\/posts"}],"about":[{"href":"https:\/\/www.radiopresidenteibanez.cl\/web\/wp-json\/wp\/v2\/types\/post"}],"author":[{"embeddable":true,"href":"https:\/\/www.radiopresidenteibanez.cl\/web\/wp-json\/wp\/v2\/users\/2"}],"replies":[{"embeddable":true,"href":"https:\/\/www.radiopresidenteibanez.cl\/web\/wp-json\/wp\/v2\/comments?post=34081"}],"version-history":[{"count":0,"href":"https:\/\/www.radiopresidenteibanez.cl\/web\/wp-json\/wp\/v2\/posts\/34081\/revisions"}],"wp:featuredmedia":[{"embeddable":true,"href":"https:\/\/www.radiopresidenteibanez.cl\/web\/wp-json\/wp\/v2\/media\/34082"}],"wp:attachment":[{"href":"https:\/\/www.radiopresidenteibanez.cl\/web\/wp-json\/wp\/v2\/media?parent=34081"}],"wp:term":[{"taxonomy":"category","embeddable":true,"href":"https:\/\/www.radiopresidenteibanez.cl\/web\/wp-json\/wp\/v2\/categories?post=34081"},{"taxonomy":"post_tag","embeddable":true,"href":"https:\/\/www.radiopresidenteibanez.cl\/web\/wp-json\/wp\/v2\/tags?post=34081"}],"curies":[{"name":"wp","href":"https:\/\/api.w.org\/{rel}","templated":true}]}}