{"id":34063,"date":"2022-11-02T17:37:00","date_gmt":"2022-11-02T20:37:00","guid":{"rendered":"https:\/\/www.radiopresidenteibanez.cl\/web\/?p=34063"},"modified":"2022-11-02T15:48:35","modified_gmt":"2022-11-02T18:48:35","slug":"cartelera-cultural-municipal-actriz-nacional-amparo-noguera-traera-a-las-tablas-la-tematica-de-la-depresion","status":"publish","type":"post","link":"https:\/\/www.radiopresidenteibanez.cl\/web\/cartelera-cultural-municipal-actriz-nacional-amparo-noguera-traera-a-las-tablas-la-tematica-de-la-depresion\/","title":{"rendered":"<strong>Cartelera Cultural Municipal: Actriz nacional Amparo Noguera traer\u00e1 a las tablas la tem\u00e1tica de la depresi\u00f3n<\/strong>"},"content":{"rendered":"\n<p>Este s\u00e1bado (5 de noviembre), a las 19 horas, la actriz nacional Amparo Noguera, dar\u00e1 vida a la obra de teatro \u201cLa Persona Deprimida\u201d, actividad enmarcada en la Cartelera Cultural organizada desde la Direcci\u00f3n de Desarrollo Comunitario de la Municipalidad de Punta Arenas.<br>El montaje, que se realizar\u00e1 en el Teatro Municipal \u201cJos\u00e9 Bohr\u201d, narra en tercera persona el devenir de una mujer con depresi\u00f3n, la relaci\u00f3n con su analista y con sus padres, que seg\u00fan indica, son la base de sus actuales traumas.<br>Adem\u00e1s, hablar\u00e1 sobre el m\u00e9todo terap\u00e9utico propuesto por su analista, llamado \u201cel c\u00edrculo de ayuda\u201d. El relato avanzar\u00e1 intern\u00e1ndose, sin l\u00edmites, en detalles de una intimidad lacerante, alcanzando expresiones de profunda humanidad.<br>Los interesados en ser parte de esta actividad, deber\u00e1n retirar invitaciones este jueves (3 de noviembre), entre las 15 y 17 horas en Unimarc Sur, y entre las 15 y 19 horas en el Teatro Municipal \u201cJos\u00e9 Bohr\u201d, o hasta agotar stock; o el viernes (4 de noviembre), entre las 15 y 19 horas (o hasta agotar stock) en el Teatro Municipal \u201cJos\u00e9 Bohr\u201d.<br>La Cartelera Cultural continuar\u00e1 el 10 de noviembre, a las 19 horas, en el Centro Cultural Municipal \u201dClaudio Paredes Chamorro\u201d, con el Concierto de Jazz que contar\u00e1 con destacados exponentes regionales de este g\u00e9nero musical, como Banda \u201cEnsamble Jazz Punta Arenas\u201d y desde los escenarios nacionales, Thais Marie Antoine Contreras, cantante y compositora.<br>Finalmente, el 29 y 30 de noviembre, a las 19 horas, se realizar\u00e1 el estreno de la obra del Elenco Ciudadano, en el Centro Cultural Municipal \u201cClaudio Paredes Chamorro\u201d.<\/p>\n","protected":false},"excerpt":{"rendered":"<p>Este s\u00e1bado (5 de noviembre), a las 19 horas, la actriz nacional Amparo Noguera, dar\u00e1 vida a la obra de teatro \u201cLa Persona Deprimida\u201d, actividad enmarcada en la Cartelera Cultural&#8230; <a class=\"read-more\" href=\"https:\/\/www.radiopresidenteibanez.cl\/web\/cartelera-cultural-municipal-actriz-nacional-amparo-noguera-traera-a-las-tablas-la-tematica-de-la-depresion\/\">Leer m\u00e1s<\/a><\/p>\n","protected":false},"author":2,"featured_media":34064,"comment_status":"closed","ping_status":"closed","sticky":false,"template":"","format":"standard","meta":{"footnotes":""},"categories":[1],"tags":[],"class_list":["post-34063","post","type-post","status-publish","format-standard","has-post-thumbnail","hentry","category-cronica"],"_links":{"self":[{"href":"https:\/\/www.radiopresidenteibanez.cl\/web\/wp-json\/wp\/v2\/posts\/34063","targetHints":{"allow":["GET"]}}],"collection":[{"href":"https:\/\/www.radiopresidenteibanez.cl\/web\/wp-json\/wp\/v2\/posts"}],"about":[{"href":"https:\/\/www.radiopresidenteibanez.cl\/web\/wp-json\/wp\/v2\/types\/post"}],"author":[{"embeddable":true,"href":"https:\/\/www.radiopresidenteibanez.cl\/web\/wp-json\/wp\/v2\/users\/2"}],"replies":[{"embeddable":true,"href":"https:\/\/www.radiopresidenteibanez.cl\/web\/wp-json\/wp\/v2\/comments?post=34063"}],"version-history":[{"count":0,"href":"https:\/\/www.radiopresidenteibanez.cl\/web\/wp-json\/wp\/v2\/posts\/34063\/revisions"}],"wp:featuredmedia":[{"embeddable":true,"href":"https:\/\/www.radiopresidenteibanez.cl\/web\/wp-json\/wp\/v2\/media\/34064"}],"wp:attachment":[{"href":"https:\/\/www.radiopresidenteibanez.cl\/web\/wp-json\/wp\/v2\/media?parent=34063"}],"wp:term":[{"taxonomy":"category","embeddable":true,"href":"https:\/\/www.radiopresidenteibanez.cl\/web\/wp-json\/wp\/v2\/categories?post=34063"},{"taxonomy":"post_tag","embeddable":true,"href":"https:\/\/www.radiopresidenteibanez.cl\/web\/wp-json\/wp\/v2\/tags?post=34063"}],"curies":[{"name":"wp","href":"https:\/\/api.w.org\/{rel}","templated":true}]}}