{"id":34039,"date":"2022-11-03T14:30:00","date_gmt":"2022-11-03T17:30:00","guid":{"rendered":"https:\/\/www.radiopresidenteibanez.cl\/web\/?p=34039"},"modified":"2022-11-03T22:49:30","modified_gmt":"2022-11-04T01:49:30","slug":"carlos-ibanez-del-campo-servidor-publico-y-fundador-de-carabineros-de-chile","status":"publish","type":"post","link":"https:\/\/www.radiopresidenteibanez.cl\/web\/carlos-ibanez-del-campo-servidor-publico-y-fundador-de-carabineros-de-chile\/","title":{"rendered":"CARLOS IB\u00c1\u00d1EZ DEL CAMPO SERVIDOR P\u00daBLICO Y FUNDADOR DE CARABINEROS DE CHILE"},"content":{"rendered":"\n<p>El General de Divisi\u00f3n Carlos Ib\u00e1\u00f1ez del Campo, fundador de Carabineros de Chile, fue Presidente de la Rep\u00fablica entre 1927 y 1931 y entre 1952 y 1958. Naci\u00f3 en Linares el 3 de noviembre de 1877, y fue hijo de Francisco Ib\u00e1\u00f1ez Ib\u00e1\u00f1ez y Mar\u00eda Nieves del Campo Leiva. <br>Su infancia se desarroll\u00f3 en el fundo San Francisco y realiz\u00f3 sus estudios primarios y secundarios en la Escuela N\u00b01 y en el Liceo de Linares, respectivamente. A los 19 a\u00f1os ingres\u00f3 a la Escuela Militar, egresando en 1899 como Alf\u00e9rez de Caballer\u00eda, y posteriormente fue destinado al Regimiento Cazadores, donde inici\u00f3 su carrera.<br>En 1903 integr\u00f3 una misi\u00f3n a El Salvador donde se desempe\u00f1\u00f3 como instructor y profesor de la Escuela Militar de ese pa\u00eds. Al a\u00f1o siguiente se le design\u00f3 director de ese plantel y fue nombrado Teniente por el Ej\u00e9rcito salvadore\u00f1o. <br>Regres\u00f3 a Chile en 1909, con el grado de Capit\u00e1n, a su antiguo regimiento Cazadores. En 1907 contrajo matrimonio con la joven salvadore\u00f1a Rosa Quiroz de \u00c1vila, con quien tuvo dos hijos: Rosa y Carlos. Tras diez a\u00f1os de matrimonio, enviud\u00f3.<br>En 1912 ingres\u00f3 a la Academia de Guerra y, cuatro a\u00f1os m\u00e1s tarde, se gradu\u00f3 de Oficial de Estado Mayor. Para 1918, fue designado Director de la Escuela de Carabineros, cargo que dej\u00f3 en 1919, tras ser destinado como Prefecto de la Polic\u00eda de Iquique. <br>A\u00f1os despu\u00e9s, y tras la renuncia al cargo del presidente Emiliano Figueroa Larra\u00edn, el 9 de febrero de 1927, Ib\u00e1\u00f1ez alcanz\u00f3 la Vicepresidencia de la Rep\u00fablica, tras lo cual se present\u00f3 como candidato \u00fanico, obteniendo la victoria en las elecciones en mayo, asumiendo en julio la presidencia. En diciembre de ese a\u00f1o contrajo matrimonio con Graciela Letelier Velasco con quien tuvo cuatro hijos: Margarita, Ricardo, Nieves y Gloria.<br>Durante su gobierno se estableci\u00f3 una divisi\u00f3n territorial de 16 provincias. Adem\u00e1s, cre\u00f3 la Contralor\u00eda General de la Rep\u00fablica y la Direcci\u00f3n General de Aprovisionamiento del Estado. Tambi\u00e9n, nacieron organismos de car\u00e1cter regulador como la Superintendencia de Bancos y la Superintendencia de Seguros y Sociedades An\u00f3nimas. <br>En materia econ\u00f3mica, se realizaron los primeros sondajes en busca de petr\u00f3leo en Magallanes. En el \u00e1mbito internacional, en tanto, firm\u00f3 el tratado que puso t\u00e9rmino a la disputa sobre Tacna y Arica. A su vez, entreg\u00f3 la secci\u00f3n boliviana del Ferrocarril de Arica a La Paz. <br>En este per\u00edodo, a su vez, concret\u00f3 una de sus obras m\u00e1s destacadas y duraderas: la fusi\u00f3n del Cuerpo de Carabineros y las Polic\u00edas Fiscales del pa\u00eds en una sola Instituci\u00f3n: Carabineros de Chile. A\u00f1os m\u00e1s tarde, se\u00f1al\u00f3: \u201cUno de los actos m\u00e1s honrosos de mi vida como gobernante, ser\u00e1 siempre el haber dado estructura org\u00e1nica y legal a Carabineros de Chile\u201d.<br>Para 1952 se present\u00f3 a las elecciones presidenciales, donde una vez m\u00e1s conquist\u00f3 las preferencias del electorado. <br>En su segundo gobierno, se concretaron acuerdos con Argentina, como la firma del Tratado de Uni\u00f3n Econ\u00f3mica argentino-chilena, adem\u00e1s de la creaci\u00f3n del Banco del Estado y la inauguraci\u00f3n de la Base Ant\u00e1rtica Presidente Pedro Aguirre Cerda. <br>En 1958, al finalizar su mandato, se alej\u00f3 de la vida p\u00fablica. Falleci\u00f3 el 28 de abril de 1960, a los 82 a\u00f1os.<br><\/p>\n","protected":false},"excerpt":{"rendered":"<p>El General de Divisi\u00f3n Carlos Ib\u00e1\u00f1ez del Campo, fundador de Carabineros de Chile, fue Presidente de la Rep\u00fablica entre 1927 y 1931 y entre 1952 y 1958. Naci\u00f3 en Linares&#8230; <a class=\"read-more\" href=\"https:\/\/www.radiopresidenteibanez.cl\/web\/carlos-ibanez-del-campo-servidor-publico-y-fundador-de-carabineros-de-chile\/\">Leer m\u00e1s<\/a><\/p>\n","protected":false},"author":2,"featured_media":34108,"comment_status":"closed","ping_status":"closed","sticky":false,"template":"","format":"standard","meta":{"footnotes":""},"categories":[1],"tags":[13,12,40],"class_list":["post-34039","post","type-post","status-publish","format-standard","has-post-thumbnail","hentry","category-cronica","tag-chile","tag-magallanes","tag-radio-presidente-ibanez"],"_links":{"self":[{"href":"https:\/\/www.radiopresidenteibanez.cl\/web\/wp-json\/wp\/v2\/posts\/34039","targetHints":{"allow":["GET"]}}],"collection":[{"href":"https:\/\/www.radiopresidenteibanez.cl\/web\/wp-json\/wp\/v2\/posts"}],"about":[{"href":"https:\/\/www.radiopresidenteibanez.cl\/web\/wp-json\/wp\/v2\/types\/post"}],"author":[{"embeddable":true,"href":"https:\/\/www.radiopresidenteibanez.cl\/web\/wp-json\/wp\/v2\/users\/2"}],"replies":[{"embeddable":true,"href":"https:\/\/www.radiopresidenteibanez.cl\/web\/wp-json\/wp\/v2\/comments?post=34039"}],"version-history":[{"count":0,"href":"https:\/\/www.radiopresidenteibanez.cl\/web\/wp-json\/wp\/v2\/posts\/34039\/revisions"}],"wp:featuredmedia":[{"embeddable":true,"href":"https:\/\/www.radiopresidenteibanez.cl\/web\/wp-json\/wp\/v2\/media\/34108"}],"wp:attachment":[{"href":"https:\/\/www.radiopresidenteibanez.cl\/web\/wp-json\/wp\/v2\/media?parent=34039"}],"wp:term":[{"taxonomy":"category","embeddable":true,"href":"https:\/\/www.radiopresidenteibanez.cl\/web\/wp-json\/wp\/v2\/categories?post=34039"},{"taxonomy":"post_tag","embeddable":true,"href":"https:\/\/www.radiopresidenteibanez.cl\/web\/wp-json\/wp\/v2\/tags?post=34039"}],"curies":[{"name":"wp","href":"https:\/\/api.w.org\/{rel}","templated":true}]}}