{"id":34024,"date":"2022-11-04T08:11:33","date_gmt":"2022-11-04T11:11:33","guid":{"rendered":"https:\/\/www.radiopresidenteibanez.cl\/web\/?p=34024"},"modified":"2022-11-04T08:14:05","modified_gmt":"2022-11-04T11:14:05","slug":"musica-en-tu-barrio","status":"publish","type":"post","link":"https:\/\/www.radiopresidenteibanez.cl\/web\/musica-en-tu-barrio\/","title":{"rendered":"MUSICA EN TU BARRIO"},"content":{"rendered":"\n<p>M\u00fasica en tu Barrio, la Union Comunal Hernando de Magallanes, vuelve este  s\u00e1bado 5 de noviembre,  los esperan en la junta de vecinos 25 de Abril a partir desde las 18.00 horas nos acompa\u00f1an conjuntos Folcl\u00f3ricos y artista regionales !!!<br>Vecinos y vecinas a disfrutar.<\/p>\n\n\n\n<pre class=\"wp-block-preformatted\"><img loading=\"lazy\" decoding=\"async\" width=\"1080\" height=\"1080\" class=\"wp-image-34112\" style=\"width: 150px\" src=\"https:\/\/www.radiopresidenteibanez.cl\/web\/wp-content\/uploads\/2022\/11\/FB_IMG_1667559422597.jpg\" alt=\"\" srcset=\"https:\/\/www.radiopresidenteibanez.cl\/web\/wp-content\/uploads\/2022\/11\/FB_IMG_1667559422597.jpg 1080w, https:\/\/www.radiopresidenteibanez.cl\/web\/wp-content\/uploads\/2022\/11\/FB_IMG_1667559422597-300x300.jpg 300w, https:\/\/www.radiopresidenteibanez.cl\/web\/wp-content\/uploads\/2022\/11\/FB_IMG_1667559422597-1024x1024.jpg 1024w, https:\/\/www.radiopresidenteibanez.cl\/web\/wp-content\/uploads\/2022\/11\/FB_IMG_1667559422597-150x150.jpg 150w, https:\/\/www.radiopresidenteibanez.cl\/web\/wp-content\/uploads\/2022\/11\/FB_IMG_1667559422597-768x768.jpg 768w\" sizes=\"auto, (max-width: 1080px) 100vw, 1080px\" \/><\/pre>\n","protected":false},"excerpt":{"rendered":"<p>M\u00fasica en tu Barrio, la Union Comunal Hernando de Magallanes, vuelve este s\u00e1bado 5 de noviembre, los esperan en la junta de vecinos 25 de Abril a partir desde las&#8230; <a class=\"read-more\" href=\"https:\/\/www.radiopresidenteibanez.cl\/web\/musica-en-tu-barrio\/\">Leer m\u00e1s<\/a><\/p>\n","protected":false},"author":2,"featured_media":34113,"comment_status":"closed","ping_status":"closed","sticky":false,"template":"","format":"standard","meta":{"footnotes":""},"categories":[1],"tags":[],"class_list":["post-34024","post","type-post","status-publish","format-standard","has-post-thumbnail","hentry","category-cronica"],"_links":{"self":[{"href":"https:\/\/www.radiopresidenteibanez.cl\/web\/wp-json\/wp\/v2\/posts\/34024","targetHints":{"allow":["GET"]}}],"collection":[{"href":"https:\/\/www.radiopresidenteibanez.cl\/web\/wp-json\/wp\/v2\/posts"}],"about":[{"href":"https:\/\/www.radiopresidenteibanez.cl\/web\/wp-json\/wp\/v2\/types\/post"}],"author":[{"embeddable":true,"href":"https:\/\/www.radiopresidenteibanez.cl\/web\/wp-json\/wp\/v2\/users\/2"}],"replies":[{"embeddable":true,"href":"https:\/\/www.radiopresidenteibanez.cl\/web\/wp-json\/wp\/v2\/comments?post=34024"}],"version-history":[{"count":0,"href":"https:\/\/www.radiopresidenteibanez.cl\/web\/wp-json\/wp\/v2\/posts\/34024\/revisions"}],"wp:featuredmedia":[{"embeddable":true,"href":"https:\/\/www.radiopresidenteibanez.cl\/web\/wp-json\/wp\/v2\/media\/34113"}],"wp:attachment":[{"href":"https:\/\/www.radiopresidenteibanez.cl\/web\/wp-json\/wp\/v2\/media?parent=34024"}],"wp:term":[{"taxonomy":"category","embeddable":true,"href":"https:\/\/www.radiopresidenteibanez.cl\/web\/wp-json\/wp\/v2\/categories?post=34024"},{"taxonomy":"post_tag","embeddable":true,"href":"https:\/\/www.radiopresidenteibanez.cl\/web\/wp-json\/wp\/v2\/tags?post=34024"}],"curies":[{"name":"wp","href":"https:\/\/api.w.org\/{rel}","templated":true}]}}