{"id":34017,"date":"2022-11-01T13:49:00","date_gmt":"2022-11-01T16:49:00","guid":{"rendered":"https:\/\/www.radiopresidenteibanez.cl\/web\/?p=34017"},"modified":"2022-10-31T19:32:46","modified_gmt":"2022-10-31T22:32:46","slug":"expo-un-gran-canasto-una-experiencia-cultural-en-torno-a-la-artesania-kawesqar","status":"publish","type":"post","link":"https:\/\/www.radiopresidenteibanez.cl\/web\/expo-un-gran-canasto-una-experiencia-cultural-en-torno-a-la-artesania-kawesqar\/","title":{"rendered":"EXPO UN GRAN CANASTO, UNA EXPERIENCIA CULTURAL EN TORNO A LA ARTESAN\u00cdA KAW\u00c9SQAR"},"content":{"rendered":"\n<p>La Expo Un Gran Canasto, organizada por la Fundaci\u00f3n Pueblo Kaw\u00e9sqar, present\u00f3 en Puerto Natales la artesan\u00eda tradicional en junquillo denueve creadoresKaw\u00e9sqar. Acompa\u00f1ando la muestra, las artesanas compartieron con los asistentes sus conocimientos ancestrales, a trav\u00e9s de dos talleres de cester\u00eda en junquillo y una charla sobre canoas y navegaci\u00f3n, dictados por Susana Vargas, Amil Caro y Felicia Gonz\u00e1lez, respectivamente.<\/p>\n\n\n\n<p>La Expo Un Gran Canasto se presentar\u00e1 adem\u00e1s en Punta Arenas, durante los d\u00edas 10, 11 y 12 de noviembre y en Santiago, durante el mes de diciembre, hasta donde llevar\u00e1n parte de la tradicional cester\u00eda confeccionada en junquillo, los talleres y la cosmovisi\u00f3n de este pueblo vivo.<\/p>\n\n\n\n<p>Las exposiciones y, en general, el trabajo realizado por la Fundaci\u00f3n Pueblo Kaw\u00e9sqar persigue transversalmente incentivar el reencuentro entre artesanas y artesanos, para poner en valor la cultura y el patrimonio del pueblo Kaw\u00e9sqar, lo que contribuye a mejorar la calidad de vida de los y las artesanas e impulsa la continuidad de esta tradici\u00f3n, \u00edcono de su cultura.<\/p>\n\n\n\n<p>\u201cNo son muy comunes en nuestro pa\u00eds las obras colectivas de artesan\u00eda tradicional, sin embargo, durante todo este a\u00f1o se ha confeccionado en Magallanes, por primera vez, un gran canasto de junquillo. Hecho con las manos, historias y transmisi\u00f3n de saberes profundos de los m\u00e1s reconocidos artesanos del pueblo Kaw\u00e9sqar, quienes han querido participar del proceso creativo de esta obra, de la recolecci\u00f3n de materia prima, del tejido mismo y, finalmente, de la exhibici\u00f3n de esta gran pieza que refleja el sentido de este proyecto\u201d, coment\u00f3 Francisco Gonz\u00e1lez, director de la Fundaci\u00f3n Pueblo Kaw\u00e9sqar. &nbsp;<\/p>\n\n\n\n<p>La cester\u00eda de junquillo estaba presente en la vida cotidiana de este pueblo a trav\u00e9s de objetos pr\u00e1cticos utilizados en la recolecci\u00f3n y cocci\u00f3n de alimentos, por ejemplo. \u201cLa cester\u00eda es un artefacto que se construye con fibra vegetal. Hay dos tipos de canasto, dependiendo del uso que se d\u00e9. El canasto de tierra, m\u00e1s cerrado, se usa para recoger los huevos, los frutos, los hongos; el canasto de mar, m\u00e1s abierto, era utilizado por las mujeres especialmente en el mar, quienes buceaban para extraer los recursos\u201d, coment\u00f3 Celina Llanll\u00e1n.<\/p>\n\n\n\n<p>La iniciativa cont\u00f3 con la participaci\u00f3n especial de estudiantes de la Escuela de Villa Dorotea y de un grupo de j\u00f3venes del programa We Learn del Liceo Gabriela Mistral, quienes con gran inter\u00e9s aprendieron a crear peque\u00f1as piezas en junquillos guiados por las artesanas.<\/p>\n\n\n\n<p>La exposici\u00f3n fue financiada por el Ministerio de las Culturas, las Artes y el Patrimonio, a trav\u00e9s de la l\u00ednea de Difusi\u00f3n del Fondart Regional y por el Fondo Chile Compromiso de Todos &#8211; Segundo Semestre 2021 del Ministerio de Desarrollo Social y Familia. Y cont\u00f3 con el apoyo de la Ilustre Municipalidad de Puerto Natales y la Fundaci\u00f3n para la Superaci\u00f3n de la Pobreza.<\/p>\n","protected":false},"excerpt":{"rendered":"<p>La Expo Un Gran Canasto, organizada por la Fundaci\u00f3n Pueblo Kaw\u00e9sqar, present\u00f3 en Puerto Natales la artesan\u00eda tradicional en junquillo denueve creadoresKaw\u00e9sqar. Acompa\u00f1ando la muestra, las artesanas compartieron con los&#8230; <a class=\"read-more\" href=\"https:\/\/www.radiopresidenteibanez.cl\/web\/expo-un-gran-canasto-una-experiencia-cultural-en-torno-a-la-artesania-kawesqar\/\">Leer m\u00e1s<\/a><\/p>\n","protected":false},"author":2,"featured_media":34018,"comment_status":"closed","ping_status":"closed","sticky":false,"template":"","format":"standard","meta":{"footnotes":""},"categories":[1],"tags":[],"class_list":["post-34017","post","type-post","status-publish","format-standard","has-post-thumbnail","hentry","category-cronica"],"_links":{"self":[{"href":"https:\/\/www.radiopresidenteibanez.cl\/web\/wp-json\/wp\/v2\/posts\/34017","targetHints":{"allow":["GET"]}}],"collection":[{"href":"https:\/\/www.radiopresidenteibanez.cl\/web\/wp-json\/wp\/v2\/posts"}],"about":[{"href":"https:\/\/www.radiopresidenteibanez.cl\/web\/wp-json\/wp\/v2\/types\/post"}],"author":[{"embeddable":true,"href":"https:\/\/www.radiopresidenteibanez.cl\/web\/wp-json\/wp\/v2\/users\/2"}],"replies":[{"embeddable":true,"href":"https:\/\/www.radiopresidenteibanez.cl\/web\/wp-json\/wp\/v2\/comments?post=34017"}],"version-history":[{"count":0,"href":"https:\/\/www.radiopresidenteibanez.cl\/web\/wp-json\/wp\/v2\/posts\/34017\/revisions"}],"wp:featuredmedia":[{"embeddable":true,"href":"https:\/\/www.radiopresidenteibanez.cl\/web\/wp-json\/wp\/v2\/media\/34018"}],"wp:attachment":[{"href":"https:\/\/www.radiopresidenteibanez.cl\/web\/wp-json\/wp\/v2\/media?parent=34017"}],"wp:term":[{"taxonomy":"category","embeddable":true,"href":"https:\/\/www.radiopresidenteibanez.cl\/web\/wp-json\/wp\/v2\/categories?post=34017"},{"taxonomy":"post_tag","embeddable":true,"href":"https:\/\/www.radiopresidenteibanez.cl\/web\/wp-json\/wp\/v2\/tags?post=34017"}],"curies":[{"name":"wp","href":"https:\/\/api.w.org\/{rel}","templated":true}]}}