{"id":3399,"date":"2019-04-15T16:01:13","date_gmt":"2019-04-15T16:01:13","guid":{"rendered":"http:\/\/www.radiopresidenteibanez.cl\/web\/?p=3399"},"modified":"2019-04-15T16:01:53","modified_gmt":"2019-04-15T16:01:53","slug":"trabajar-con-calidad-de-vida-es-la-apuesta-de-senda-para-la-prevencion-del-consumo-de-alcohol-y-otras-drogas-en-espacios-laborales","status":"publish","type":"post","link":"https:\/\/www.radiopresidenteibanez.cl\/web\/trabajar-con-calidad-de-vida-es-la-apuesta-de-senda-para-la-prevencion-del-consumo-de-alcohol-y-otras-drogas-en-espacios-laborales\/","title":{"rendered":"TRABAJAR CON CALIDAD DE VIDA ES LA APUESTA DE SENDA PARA LA PREVENCI\u00d3N DEL CONSUMO DE ALCOHOL Y OTRAS DROGAS EN ESPACIOS LABORALES"},"content":{"rendered":"\n<p>El programa&nbsp;Trabajar con Calidad de Vida&nbsp;es una\nherramienta para la prevenci\u00f3n del consumo de alcohol y otras en espacios\nlaborales, impulsada por el&nbsp;Servicio Nacional para la Prevenci\u00f3n y\nRehabilitaci\u00f3n del Consumo de Drogas y Alcohol (SENDA),&nbsp;que contribuye a\nmejorar la calidad de vida laboral y desarrollar una <strong>cultura\npreventiva<\/strong>.<\/p>\n\n\n\n<p><a href=\"http:\/\/www.senda.gob.cl\/prevencion\/en-espacios-laborales\/trabajar-con-calidad-de-vida\/etapas-del-programa-trabajar-con-calidad-de-vida\/\"><strong>Cuenta con 7\netapas&nbsp;<\/strong><\/a>y se implementa en&nbsp;instituciones p\u00fablicas y empresas privadas\nmedianas y grandes, a trav\u00e9s de una metodolog\u00eda participativa, auto-aplicada y\ndirigida por un equipo que representa a todos los estamentos de la\norganizaci\u00f3n.<\/p>\n\n\n\n<p>Recientemente en Magallanes ha firmado su compromiso para trabajar\neste programa, la empresa procesadora de carnes, Frigor\u00edfico Simunovic S.A.,\nentidad que ya ha venido desarrollando una serie de iniciativas junto a Senda\nen la regi\u00f3n.<\/p>\n\n\n\n<p>El sub gerente general de la empresa Alberto Smoljanovic, indic\u00f3\nque valoran el poder realizar el programa de SENDA \u201cTrabajar Con Calidad de\nVida\u201d, pues <em>\u201cde esta forma se trabaja en\nprevenir el consumo de alcohol y otras drogas y se aporta de manera positiva a\nlos trabajadores y trabajadoras, lo que se traduce tambi\u00e9n en una mejor calidad\nde vida familiar\u201d.<\/em><\/p>\n\n\n\n<p>A\u00f1adi\u00f3, que <em>\u201cen la medida\nque una persona se siente bien en los distintos \u00e1mbitos de su vida, tambi\u00e9n\ndesarrolla sus labores con mayor agrado y as\u00ed se aporta al bienestar del ser\nhumano\u201d.<\/em><\/p>\n\n\n\n<p>Este programa,\nentrega capacitaci\u00f3n en habilidades preventivas a un equipo de la organizaci\u00f3n,\nel cual es representantivo de los distintos estamentos de la empresa y responsable\nde liderar la implementaci\u00f3n.<\/p>\n\n\n\n<p>En primera\ninstancia se realiza un diagn\u00f3stico de Calidad de Vida Laboral mediante una\nmetodolog\u00eda definida y asesor\u00eda t\u00e9cnica para el desarrollo de una pol\u00edtica\npreventiva y un plan de acci\u00f3n que contribuya a dar respuesta a aquellas\nproblem\u00e1ticas y\/o necesidades que arroja el estudio.<\/p>\n\n\n\n<p>As\u00ed tambi\u00e9n, SENDA\npone a disposici\u00f3n material preventivo para sensibilizar a todos los\ntrabajadores y trabajadoras de la organizaci\u00f3n acerca de las consecuencias del\nconsumo de &nbsp;alcohol y otras drogas para\nla vida personal, familiar y laboral.<\/p>\n\n\n\n<p>A trav\u00e9s de la\nimplementaci\u00f3n del Programa Trabajar con Calidad de Vida se espera que la\norganizaci\u00f3n pueda desarrollar una pol\u00edtica de prevenci\u00f3n del consumo de drogas\nque incorpore aspectos normativos y de calidad de vida laboral, con miras a\ninstalar una cultura preventiva en la organizaci\u00f3n.<\/p>\n\n\n\n<p>As\u00ed tambi\u00e9n, se\nbusca que se establezcan pautas de acci\u00f3n para aquellos trabajadores y\/o\ntrabajadoras que presenten un consumo problem\u00e1tico y que requieran tratamiento,\ny facilitar la integraci\u00f3n laboral de quienes hayan accedido a programas de\ntratamiento del consumo de alcohol o cualquier otro tipo de drogas.<\/p>\n\n\n\n<p>Otro aspecto relevante de este programa es desarrollar competencias y habilidades necesarias para el despliegue de acciones preventivas efectivas tanto individuales, organizacionales, as\u00ed como tambi\u00e9n parentales.<\/p>\n\n\n\n<figure class=\"wp-block-image\"><img loading=\"lazy\" decoding=\"async\" width=\"1024\" height=\"768\" src=\"https:\/\/www.radiopresidenteibanez.cl\/web\/wp-content\/uploads\/2019\/04\/\u00edndice-1024x768.jpeg\" alt=\"\" class=\"wp-image-3400\" srcset=\"https:\/\/www.radiopresidenteibanez.cl\/web\/wp-content\/uploads\/2019\/04\/\u00edndice-1024x768.jpeg 1024w, https:\/\/www.radiopresidenteibanez.cl\/web\/wp-content\/uploads\/2019\/04\/\u00edndice-300x225.jpeg 300w, https:\/\/www.radiopresidenteibanez.cl\/web\/wp-content\/uploads\/2019\/04\/\u00edndice-768x576.jpeg 768w, https:\/\/www.radiopresidenteibanez.cl\/web\/wp-content\/uploads\/2019\/04\/\u00edndice.jpeg 1280w\" sizes=\"auto, (max-width: 1024px) 100vw, 1024px\" \/><\/figure>\n","protected":false},"excerpt":{"rendered":"<p>El programa&nbsp;Trabajar con Calidad de Vida&nbsp;es una herramienta para la prevenci\u00f3n del consumo de alcohol y otras en espacios laborales, impulsada por el&nbsp;Servicio Nacional para la Prevenci\u00f3n y Rehabilitaci\u00f3n del&#8230; <a class=\"read-more\" href=\"https:\/\/www.radiopresidenteibanez.cl\/web\/trabajar-con-calidad-de-vida-es-la-apuesta-de-senda-para-la-prevencion-del-consumo-de-alcohol-y-otras-drogas-en-espacios-laborales\/\">Leer m\u00e1s<\/a><\/p>\n","protected":false},"author":2,"featured_media":3400,"comment_status":"closed","ping_status":"closed","sticky":false,"template":"","format":"standard","meta":{"footnotes":""},"categories":[1],"tags":[],"class_list":["post-3399","post","type-post","status-publish","format-standard","has-post-thumbnail","hentry","category-cronica"],"_links":{"self":[{"href":"https:\/\/www.radiopresidenteibanez.cl\/web\/wp-json\/wp\/v2\/posts\/3399","targetHints":{"allow":["GET"]}}],"collection":[{"href":"https:\/\/www.radiopresidenteibanez.cl\/web\/wp-json\/wp\/v2\/posts"}],"about":[{"href":"https:\/\/www.radiopresidenteibanez.cl\/web\/wp-json\/wp\/v2\/types\/post"}],"author":[{"embeddable":true,"href":"https:\/\/www.radiopresidenteibanez.cl\/web\/wp-json\/wp\/v2\/users\/2"}],"replies":[{"embeddable":true,"href":"https:\/\/www.radiopresidenteibanez.cl\/web\/wp-json\/wp\/v2\/comments?post=3399"}],"version-history":[{"count":0,"href":"https:\/\/www.radiopresidenteibanez.cl\/web\/wp-json\/wp\/v2\/posts\/3399\/revisions"}],"wp:featuredmedia":[{"embeddable":true,"href":"https:\/\/www.radiopresidenteibanez.cl\/web\/wp-json\/wp\/v2\/media\/3400"}],"wp:attachment":[{"href":"https:\/\/www.radiopresidenteibanez.cl\/web\/wp-json\/wp\/v2\/media?parent=3399"}],"wp:term":[{"taxonomy":"category","embeddable":true,"href":"https:\/\/www.radiopresidenteibanez.cl\/web\/wp-json\/wp\/v2\/categories?post=3399"},{"taxonomy":"post_tag","embeddable":true,"href":"https:\/\/www.radiopresidenteibanez.cl\/web\/wp-json\/wp\/v2\/tags?post=3399"}],"curies":[{"name":"wp","href":"https:\/\/api.w.org\/{rel}","templated":true}]}}