{"id":33982,"date":"2022-10-31T15:49:00","date_gmt":"2022-10-31T18:49:00","guid":{"rendered":"https:\/\/www.radiopresidenteibanez.cl\/web\/?p=33982"},"modified":"2022-10-30T22:13:45","modified_gmt":"2022-10-31T01:13:45","slug":"investigador-magallanico-rodrigo-bravo-expondra-junto-a-juan-salfate-en-la-conferencia-internacional-codigo-arkano","status":"publish","type":"post","link":"https:\/\/www.radiopresidenteibanez.cl\/web\/investigador-magallanico-rodrigo-bravo-expondra-junto-a-juan-salfate-en-la-conferencia-internacional-codigo-arkano\/","title":{"rendered":"INVESTIGADOR MAGALL\u00c1NICO RODRIGO BRAVO EXPONDR\u00c1 JUNTO A JUAN SALFATE EN LA CONFERENCIA INTERNACIONAL C\u00d3DIGO ARKANO"},"content":{"rendered":"\n<p>Nuevamente el investigador y escritor magall\u00e1nico Rodrigo Bravo, ser\u00e1 parte de un hito internacional, esta vez junto al connotado investigador Rodrigo Fuenzalida y comentarista Juan Andr\u00e9s Salfate, en el marco de la Conferencia Internacional \u00abC\u00f3digo Arkano\u00bb, instancia que se desarrollar\u00e1 en Santiago en el mes de diciembre.<\/p>\n\n\n\n<p>Rodrigo Bravo es autor de diversos libros en torno a fen\u00f3menos aeronauticos y citado frecuentemente en investigaciones ufol\u00f3gica, destacando por el manejo de fuentes, metedolog\u00eda y amplia experiencia como piloto del Ej\u00e9rcito de Chile, siendo conferencista en Espa\u00f1a, Estados Unidos, Brasil, Argentina y consultado recurrentemente por el canal History Channel y Natgeo.<\/p>\n\n\n\n<p>En conversaci\u00f3n amplia y distindida nos comento que a Juan Salfate \u00ablo conoc\u00ed en el encuentro ufol\u00f3gico de Maip\u00fa del 2014, pero luego en un programa que grabamos para NATGEO pudimos conversar m\u00e1s en extenso el a\u00f1o 2018\u00bb.<\/p>\n\n\n\n<p>Respecto a sus lineas de investigaci\u00f3n, la cual ha estudiado ampliamente, nos comenta que \u00abcomienza desde el a\u00f1o 2000, cuando se me design\u00f3 como tema de tesis \u00abIntroducci\u00f3n al fen\u00f3meno ovni y consideraciones para la seguridad a\u00e9rea\u00bb. Ese trabajo de investigaci\u00f3n fue uno de los requisitos para egresar como piloto del Ej\u00e9rcito de Chile, actividad profesional en la que me desempe\u00f1o hasta el d\u00eda de hoy\u00bb.<\/p>\n\n\n\n<p>Bravo se\u00f1ala que \u00abluego de presentar la tesis durante el a\u00f1o 2001 y de exponerla en la Direcci\u00f3n General de Aeron\u00e1utica Civil de Chile (DGAC) el 2002, mi actividad relacionada con el tema estuvo en un receso hasta el 2007, cuando fui invitado como representante de Chile a la denominada&nbsp;<em>Conferencia de Washington,<\/em>&nbsp;en Estados Unidos,&nbsp;&nbsp;evento organizado por la Coalition for Freedom of Information (CFI). Desde ah\u00ed que estoy vinculado a la investigaci\u00f3n de este tipo de fen\u00f3menos desde la perspectiva de la Seguridad Aeroespacial , ya que comenc\u00e9 a colaborar como asesor externo al CEFAA, (Comit\u00e9 de Estudios de Fen\u00f3menos A\u00e9reos An\u00f3malos de la DGAC), actividad que se enmarc\u00f3 desde fines del 2009 hasta el 2016&#8243;.<\/p>\n\n\n\n<p>Comenta adem\u00e1s que \u00abjunto con participar en diversos congresos ufol\u00f3gicos, programas y entrevistas, el a\u00f1o 2010 publiqu\u00e9 mi primer libro del tema, titulado&nbsp;<em>Ufolog\u00eda Aeron\u00e1utica<\/em>, el cual ha sido reeditado por Reediciones An\u00f3malas de Espa\u00f1a el 2021,&nbsp;obra&nbsp;que ha sido todo un \u00e9xito.&nbsp;&nbsp;Independiente a estar trabajando en reportes aeron\u00e1uticos, el estudio de los ovnis o tambi\u00e9n conocida como Ufolog\u00eda, es una cuesti\u00f3n que por s\u00ed sola posee una serie de contenidos secundarios, entre los que destaco el folcl\u00f3rico, es decir, las leyendas contempor\u00e1neas que surgen debido a las observaciones de cosas inexplicables. Es ah\u00ed donde ingresa el factor humano detr\u00e1s de los llamados ovnis y ese componente es tan o m\u00e1s interesante que los propios fen\u00f3menos\u00bb.<\/p>\n\n\n\n<p>Afirmando Rodrigo Bravo que&nbsp;&nbsp;\u00abpor ende, el 2017 publiqu\u00e9 mi segundo libro,&nbsp;<em>Los Extraterrestres han Muerto<\/em>, trabajo literario que se divide en dos tomos con el prop\u00f3sito de hacer un completo an\u00e1lisis de la Hip\u00f3tesis Extraterrestre dentro del estudio del fen\u00f3meno ovni\u00bb.<\/p>\n\n\n\n<p><strong>MAGALLANES Y EL FENOMENO OVNI<\/strong><\/p>\n\n\n\n<p>Rodrigo Bravo se\u00f1ala que \u00abMagallanes es una zona que se ha caracterizado por la observaci\u00f3n de m\u00faltiples fen\u00f3menos a\u00e9reos no identificados, y que comienzan a registrarse con la visita de los primeros navegantes a la zona. As\u00ed, el primer avistamiento que se report\u00f3, fue el 7 de febrero de 1580, donde Pedro de Sarmiento y Gamboa lo redact\u00f3 en su bit\u00e1cora, publicada luego, en 1786, en el libro&nbsp;<em>Viaje al Estrecho de Magallanes.&nbsp;<\/em>En esa oportunidad Sarmiento de Gamboa se\u00f1ala que una cosa redonda, roja, sali\u00f3 del mar, con forma de escudo, y que al desplazarse a tierra, sube un monte donde cambia de forma y desaparece\u00bb.<\/p>\n\n\n\n<p>Afirma que \u00abluego de la llegada de la Goleta Ancud y ya establecida la ciudad de Punta Arenas, acompa\u00f1an una serie de registros que incluso est\u00e1n en las llamadas leyendas locales, donde es muy com\u00fan escuchar las llamadas \u00abLuces Malas\u00bb por parte de los puesteros en toda la regi\u00f3n\u00bb.<\/p>\n","protected":false},"excerpt":{"rendered":"<p>Nuevamente el investigador y escritor magall\u00e1nico Rodrigo Bravo, ser\u00e1 parte de un hito internacional, esta vez junto al connotado investigador Rodrigo Fuenzalida y comentarista Juan Andr\u00e9s Salfate, en el marco&#8230; <a class=\"read-more\" href=\"https:\/\/www.radiopresidenteibanez.cl\/web\/investigador-magallanico-rodrigo-bravo-expondra-junto-a-juan-salfate-en-la-conferencia-internacional-codigo-arkano\/\">Leer m\u00e1s<\/a><\/p>\n","protected":false},"author":2,"featured_media":33983,"comment_status":"closed","ping_status":"closed","sticky":false,"template":"","format":"standard","meta":{"footnotes":""},"categories":[1],"tags":[],"class_list":["post-33982","post","type-post","status-publish","format-standard","has-post-thumbnail","hentry","category-cronica"],"_links":{"self":[{"href":"https:\/\/www.radiopresidenteibanez.cl\/web\/wp-json\/wp\/v2\/posts\/33982","targetHints":{"allow":["GET"]}}],"collection":[{"href":"https:\/\/www.radiopresidenteibanez.cl\/web\/wp-json\/wp\/v2\/posts"}],"about":[{"href":"https:\/\/www.radiopresidenteibanez.cl\/web\/wp-json\/wp\/v2\/types\/post"}],"author":[{"embeddable":true,"href":"https:\/\/www.radiopresidenteibanez.cl\/web\/wp-json\/wp\/v2\/users\/2"}],"replies":[{"embeddable":true,"href":"https:\/\/www.radiopresidenteibanez.cl\/web\/wp-json\/wp\/v2\/comments?post=33982"}],"version-history":[{"count":0,"href":"https:\/\/www.radiopresidenteibanez.cl\/web\/wp-json\/wp\/v2\/posts\/33982\/revisions"}],"wp:featuredmedia":[{"embeddable":true,"href":"https:\/\/www.radiopresidenteibanez.cl\/web\/wp-json\/wp\/v2\/media\/33983"}],"wp:attachment":[{"href":"https:\/\/www.radiopresidenteibanez.cl\/web\/wp-json\/wp\/v2\/media?parent=33982"}],"wp:term":[{"taxonomy":"category","embeddable":true,"href":"https:\/\/www.radiopresidenteibanez.cl\/web\/wp-json\/wp\/v2\/categories?post=33982"},{"taxonomy":"post_tag","embeddable":true,"href":"https:\/\/www.radiopresidenteibanez.cl\/web\/wp-json\/wp\/v2\/tags?post=33982"}],"curies":[{"name":"wp","href":"https:\/\/api.w.org\/{rel}","templated":true}]}}