{"id":33970,"date":"2022-10-31T09:52:00","date_gmt":"2022-10-31T12:52:00","guid":{"rendered":"https:\/\/www.radiopresidenteibanez.cl\/web\/?p=33970"},"modified":"2022-10-30T21:59:40","modified_gmt":"2022-10-31T00:59:40","slug":"porvenir-ejecuta-agenda-reflexiva-sobre-la-salud-de-adolescentes-y-jovenes","status":"publish","type":"post","link":"https:\/\/www.radiopresidenteibanez.cl\/web\/porvenir-ejecuta-agenda-reflexiva-sobre-la-salud-de-adolescentes-y-jovenes\/","title":{"rendered":"PORVENIR EJECUTA AGENDA REFLEXIVA, SOBRE LA SALUD DE ADOLESCENTES Y J\u00d3VENES."},"content":{"rendered":"\n<p>Ese fue el esp\u00edritu de las variadas instituciones y adolescentes, que este 26 de octubre, trabajaron paralelamente y durante todo el d\u00eda, los diversos temas que convocan la salud integral de la gente joven, con pertinencia territorial.<\/p>\n\n\n\n<p>Conjuntamente con la SEREMI de Salud, el Hospital Marco Chamorro como anfitri\u00f3n, agend\u00f3 diversas actividades desde primeras horas del d\u00eda, partiendo esta agenda de reflexi\u00f3n, con un conversatorio juvenil sobre la gesti\u00f3n de emociones, la salud mental y la visi\u00f3n del consumo de alcohol en la poblaci\u00f3n joven de la comuna.&nbsp; Esta primera acci\u00f3n a cargo de los Consejeros de Salud Joven de Punta Arenas, Mat\u00edas Contreras Aranda y Diego Navarro \u00c1lvarez y alumnos\/as l\u00edderes del Liceo Hernando de Magallanes, lo que dio como resultado, la reactivaci\u00f3n del consejo de salud joven de Porvenir, cuya gesti\u00f3n inicial comenz\u00f3 con el Hospital Marco Chamorro y el apoyo constante del Liceo y que con este conversatorio, se oficializ\u00f3, destac\u00e1ndose &nbsp;un ambiente de mucho di\u00e1logo y propuestas juveniles para Porvenir, desde sus mismos adolescentes. Paralelamente en el bloque de la ma\u00f1ana, el sector salud comunal a trav\u00e9s de la Trabajadora Social Solange Reyes y el programa de Salud Joven de la Autoridad Sanitaria Regional, sostuvieron variadas reuniones, con las autoridades e instituciones territoriales, para difundir como principal oferta que busca potenciar la salud integral de personas, entre 10 a 19 a\u00f1os, el Control de Salud Integral de adolescentes. &nbsp;<\/p>\n\n\n\n<p>El Alcalde de la ilustre municipalidad de Porvenir Jos\u00e9 Parada, el Asesor de Delegaci\u00f3n provincial Cristian Gallardo, el Director del Liceo Hernando de Magallanes, Alex Vera y los medios de comunicaci\u00f3n Radio Ona y Radio Municipalidad de Porvenir, reconocieron la importancia del control de salud integral del adolescente, poniendo a disposici\u00f3n la vocer\u00eda hacia la comunidad y destacando la labor del sector salud comunal, los establecimientos educacionales, los adolescentes que adhieren a la propuesta &nbsp;y a &nbsp;los profesionales que gu\u00edan este proceso.<\/p>\n\n\n\n<p>En este punto, se destac\u00f3 que el equipo multidisciplinario \u201cSalud Joven\u201d del Hospital Marco Chamorro, realiza una coordinaci\u00f3n muy estrecha, con los articuladores de los establecimientos educacionales y estos, muy comprometidos con la oferta de salud, coordinan acciones con el segmento adolescente y sus familias, en el marco de una fuerte log\u00edstica, de cierres de agenda, difusi\u00f3n y otras acciones propias del control de salud integral.<\/p>\n\n\n\n<p>Durante la jornada de la tarde, la Encargada de la tem\u00e1tica Salud Joven de la SEREMI, Susana Otey, ante diversas entidades, present\u00f3 las acciones de promoci\u00f3n de la salud y prevenci\u00f3n, dejando la palabra a las Instituciones y dirigentes, quienes expresaron algunas ideas y formalizaron su compromiso de planificaci\u00f3n conjunta hacia el segmento joven para el a\u00f1o 2023. En este encuentro participaron la oficina de Protecci\u00f3n de Derechos, el Centro de Formaci\u00f3n T\u00e9cnica de Porvenir, el Liceo Hernando de Magallanes, la Escuela Bernardo O\u2019Higgins, DIDECO y &nbsp;la oficina municipal de Discapacidad, m\u00e1s la representaci\u00f3n de SENDA-Previene, la Delegaci\u00f3n Presidencial Provincial, EBOR, el programa de Intervenci\u00f3n Especializada PIE, la Junta de Vecinos N\u00b03, representaci\u00f3n del CORE y el equipo de Salud Joven del Hospital Marco Chamorro junto a su Director Fabi\u00e1n Barrientos.<\/p>\n\n\n\n<p>Susana Otey destac\u00f3 que: \u201cCabe mencionar que la agenda de reflexi\u00f3n sobre la tem\u00e1tica adolescente joven que propuso el Hospital Marco Chamorro, va muy de la mano, con las propias tem\u00e1ticas juveniles que destacan los adolescentes.&nbsp; Por otra parte, la reactivaci\u00f3n del consejo de salud juvenil de la comuna y el di\u00e1logo que se dio entre dirigentes, instituciones y sector salud durante la \u00faltima jornada del d\u00eda, da a conocer que la planificaci\u00f3n conjunta 2023, estar\u00e1 muy alineada con los objetivos sanitarios del pa\u00eds al 2030\u201d.<\/p>\n\n\n\n<p>Como cierre del d\u00eda, el Hospital Marco Chamorro, cerr\u00f3 la agenda de reflexi\u00f3n, con reuni\u00f3n interna del equipo salud joven y la referente de la SEREMI de Salud, preparando lo que ser\u00e1 la planificaci\u00f3n 2023.<\/p>\n","protected":false},"excerpt":{"rendered":"<p>Ese fue el esp\u00edritu de las variadas instituciones y adolescentes, que este 26 de octubre, trabajaron paralelamente y durante todo el d\u00eda, los diversos temas que convocan la salud integral&#8230; <a class=\"read-more\" href=\"https:\/\/www.radiopresidenteibanez.cl\/web\/porvenir-ejecuta-agenda-reflexiva-sobre-la-salud-de-adolescentes-y-jovenes\/\">Leer m\u00e1s<\/a><\/p>\n","protected":false},"author":2,"featured_media":33971,"comment_status":"closed","ping_status":"closed","sticky":false,"template":"","format":"standard","meta":{"footnotes":""},"categories":[1],"tags":[],"class_list":["post-33970","post","type-post","status-publish","format-standard","has-post-thumbnail","hentry","category-cronica"],"_links":{"self":[{"href":"https:\/\/www.radiopresidenteibanez.cl\/web\/wp-json\/wp\/v2\/posts\/33970","targetHints":{"allow":["GET"]}}],"collection":[{"href":"https:\/\/www.radiopresidenteibanez.cl\/web\/wp-json\/wp\/v2\/posts"}],"about":[{"href":"https:\/\/www.radiopresidenteibanez.cl\/web\/wp-json\/wp\/v2\/types\/post"}],"author":[{"embeddable":true,"href":"https:\/\/www.radiopresidenteibanez.cl\/web\/wp-json\/wp\/v2\/users\/2"}],"replies":[{"embeddable":true,"href":"https:\/\/www.radiopresidenteibanez.cl\/web\/wp-json\/wp\/v2\/comments?post=33970"}],"version-history":[{"count":0,"href":"https:\/\/www.radiopresidenteibanez.cl\/web\/wp-json\/wp\/v2\/posts\/33970\/revisions"}],"wp:featuredmedia":[{"embeddable":true,"href":"https:\/\/www.radiopresidenteibanez.cl\/web\/wp-json\/wp\/v2\/media\/33971"}],"wp:attachment":[{"href":"https:\/\/www.radiopresidenteibanez.cl\/web\/wp-json\/wp\/v2\/media?parent=33970"}],"wp:term":[{"taxonomy":"category","embeddable":true,"href":"https:\/\/www.radiopresidenteibanez.cl\/web\/wp-json\/wp\/v2\/categories?post=33970"},{"taxonomy":"post_tag","embeddable":true,"href":"https:\/\/www.radiopresidenteibanez.cl\/web\/wp-json\/wp\/v2\/tags?post=33970"}],"curies":[{"name":"wp","href":"https:\/\/api.w.org\/{rel}","templated":true}]}}