{"id":3396,"date":"2019-04-15T15:55:22","date_gmt":"2019-04-15T15:55:22","guid":{"rendered":"http:\/\/www.radiopresidenteibanez.cl\/web\/?p=3396"},"modified":"2019-04-15T15:56:10","modified_gmt":"2019-04-15T15:56:10","slug":"moluscos-de-la-patagonia-podrian-tener-capacidad-de-adaptacion-al-cambio-climatico","status":"publish","type":"post","link":"https:\/\/www.radiopresidenteibanez.cl\/web\/moluscos-de-la-patagonia-podrian-tener-capacidad-de-adaptacion-al-cambio-climatico\/","title":{"rendered":"MOLUSCOS DE LA PATAGONIA PODR\u00cdAN TENER CAPACIDAD DE ADAPTACI\u00d3N AL CAMBIO CLIM\u00c1TICO"},"content":{"rendered":"\n<p>Los gaster\u00f3podos marinos representan la clase de\nmoluscos m\u00e1s abundante tanto en la Ant\u00e1rtica como en la regi\u00f3n subant\u00e1rtica, en\ndonde cumplen un rol fundamental dentro del ecosistema, debido a su alta\ncapacidad para alimentarse de los nutrientes presentes en el fondo marino.<\/p>\n\n\n\n<p>Sin embargo, es su capacidad de adhesi\u00f3n al\nsustrato una de las respuestas claves para conocer c\u00f3mo se ver\u00e1n afectados\nfrente al cambio clim\u00e1tico, ya que el perder o reducir esta habilidad podr\u00eda\nhacerlos m\u00e1s vulnerables a la depredaci\u00f3n o a los efectos de factores f\u00edsicos <\/p>\n\n\n\n<p>La respuesta a estos factores es estudiada en Punta\nArenas por el grupo del <strong>Centro de\nInvestigaci\u00f3n Din\u00e1mica de Ecosistemas Marinos de Altas Latitudes (IDEAL)<\/strong> de\nla Universidad Austral de Chile (UACh), liderado por el Dr. Jorge Navarro, en\ncolaboraci\u00f3n con el Dr. Simon Morley, investigador del <strong>British Antarctic&nbsp; Survey (BAS)<\/strong>,\nuna de las instituciones m\u00e1s reconocidas a nivel global en el estudio del\nimpacto del cambio clim\u00e1tico sobre los organismos marinos que habitan en el territorio\nant\u00e1rtico.<\/p>\n\n\n\n<p>El cient\u00edfico brit\u00e1nico realiza junto al equipo de\ninvestigaci\u00f3n del Centro IDEAL una comparaci\u00f3n a nivel global, incluyendo\nestudios previamente realizados en lugares como Singapur, Australia, Ant\u00e1rtica\ny Las Cruces (Regi\u00f3n de Valpara\u00edso), de c\u00f3mo las especies del g\u00e9nero Nacella,\nresponden en su capacidad de adhesi\u00f3n al sustrato frente a escenarios de cambio\nclim\u00e1tico. Los primeros resultados en Punta Arenas ya dan cuenta de diferencias\nfundamentales en la especie.<\/p>\n\n\n\n<p>\u201cEncontramos algo inesperado y muy interesante. La\nespecie <em>Nacella deaurata<\/em>, una de las\nm\u00e1s abundantes que vive en la zona de Magallanes, responde con gran eficiencia\nen su capacidad de adhesi\u00f3n al sustrato a las temperaturas extremas de cero y\nun grado Celsius, considerando que el rango natural de temperatura al que est\u00e1n\nexpuestas a trav\u00e9s del a\u00f1o es entre cinco y 11 grados Celsius\u201d, coment\u00f3 el\ninvestigador brit\u00e1nico, destacando la capacidad de adaptaci\u00f3n que tendr\u00eda esta\nespecie de nacella que habita en la zona austral de Chile, a temperaturas\ncaracter\u00edsticas de la regi\u00f3n Ant\u00e1rtica.<\/p>\n\n\n\n<p>\u201cLo que estamos tratando de hacer es evaluar c\u00f3mo\nlos animales en el oc\u00e9ano se ver\u00e1n afectados por el cambio clim\u00e1tico. Las\nnacellas son animales muy comunes y abundantes y por lo mismo representan un\neslab\u00f3n tr\u00f3fico clave para muchos otros animales de estos ecosistemas extremos,\nexplic\u00f3 el Dr. Morley.<\/p>\n\n\n\n<p>\u201cCon los estudios que estamos realizando en el Centro IDEAL se complementa el conocimiento para este grupo de especies en un amplio rango de distribuci\u00f3n geogr\u00e1fica, ya que faltaba esta informaci\u00f3n en especies de la zona subant\u00e1rtica. De esta forma con los estudios previos realizados por el Dr. Morley, podemos decir que se cuenta con informaci\u00f3n para diferentes especies de gaster\u00f3podos que habitan en el hemisferio norte, en zonas tropicales, en la Ant\u00e1rtica y regi\u00f3n subant\u00e1rtica, lo que permite tener una visi\u00f3n m\u00e1s global para este tipo de estudio\u201d, destac\u00f3 Navarro.<\/p>\n\n\n\n<figure class=\"wp-block-image\"><img loading=\"lazy\" decoding=\"async\" width=\"900\" height=\"598\" src=\"https:\/\/www.radiopresidenteibanez.cl\/web\/wp-content\/uploads\/2019\/04\/Dr.-Simon-Morley.jpg\" alt=\"\" class=\"wp-image-3397\" srcset=\"https:\/\/www.radiopresidenteibanez.cl\/web\/wp-content\/uploads\/2019\/04\/Dr.-Simon-Morley.jpg 900w, https:\/\/www.radiopresidenteibanez.cl\/web\/wp-content\/uploads\/2019\/04\/Dr.-Simon-Morley-300x199.jpg 300w, https:\/\/www.radiopresidenteibanez.cl\/web\/wp-content\/uploads\/2019\/04\/Dr.-Simon-Morley-768x510.jpg 768w\" sizes=\"auto, (max-width: 900px) 100vw, 900px\" \/><\/figure>\n","protected":false},"excerpt":{"rendered":"<p>Los gaster\u00f3podos marinos representan la clase de moluscos m\u00e1s abundante tanto en la Ant\u00e1rtica como en la regi\u00f3n subant\u00e1rtica, en donde cumplen un rol fundamental dentro del ecosistema, debido a&#8230; <a class=\"read-more\" href=\"https:\/\/www.radiopresidenteibanez.cl\/web\/moluscos-de-la-patagonia-podrian-tener-capacidad-de-adaptacion-al-cambio-climatico\/\">Leer m\u00e1s<\/a><\/p>\n","protected":false},"author":2,"featured_media":3397,"comment_status":"closed","ping_status":"closed","sticky":false,"template":"","format":"standard","meta":{"footnotes":""},"categories":[1],"tags":[],"class_list":["post-3396","post","type-post","status-publish","format-standard","has-post-thumbnail","hentry","category-cronica"],"_links":{"self":[{"href":"https:\/\/www.radiopresidenteibanez.cl\/web\/wp-json\/wp\/v2\/posts\/3396","targetHints":{"allow":["GET"]}}],"collection":[{"href":"https:\/\/www.radiopresidenteibanez.cl\/web\/wp-json\/wp\/v2\/posts"}],"about":[{"href":"https:\/\/www.radiopresidenteibanez.cl\/web\/wp-json\/wp\/v2\/types\/post"}],"author":[{"embeddable":true,"href":"https:\/\/www.radiopresidenteibanez.cl\/web\/wp-json\/wp\/v2\/users\/2"}],"replies":[{"embeddable":true,"href":"https:\/\/www.radiopresidenteibanez.cl\/web\/wp-json\/wp\/v2\/comments?post=3396"}],"version-history":[{"count":0,"href":"https:\/\/www.radiopresidenteibanez.cl\/web\/wp-json\/wp\/v2\/posts\/3396\/revisions"}],"wp:featuredmedia":[{"embeddable":true,"href":"https:\/\/www.radiopresidenteibanez.cl\/web\/wp-json\/wp\/v2\/media\/3397"}],"wp:attachment":[{"href":"https:\/\/www.radiopresidenteibanez.cl\/web\/wp-json\/wp\/v2\/media?parent=3396"}],"wp:term":[{"taxonomy":"category","embeddable":true,"href":"https:\/\/www.radiopresidenteibanez.cl\/web\/wp-json\/wp\/v2\/categories?post=3396"},{"taxonomy":"post_tag","embeddable":true,"href":"https:\/\/www.radiopresidenteibanez.cl\/web\/wp-json\/wp\/v2\/tags?post=3396"}],"curies":[{"name":"wp","href":"https:\/\/api.w.org\/{rel}","templated":true}]}}