{"id":33937,"date":"2022-10-29T14:09:00","date_gmt":"2022-10-29T17:09:00","guid":{"rendered":"https:\/\/www.radiopresidenteibanez.cl\/web\/?p=33937"},"modified":"2022-10-29T11:18:25","modified_gmt":"2022-10-29T14:18:25","slug":"prodemu-invita-a-4a-feria-intercultural","status":"publish","type":"post","link":"https:\/\/www.radiopresidenteibanez.cl\/web\/prodemu-invita-a-4a-feria-intercultural\/","title":{"rendered":"PRODEMU INVITA A 4a FERIA INTERCULTURAL"},"content":{"rendered":"\n<p>Por cuarta vez, Fundaci\u00f3n PRODEMU provincia de Tierra del Fuego, ofrecer\u00e1 a la comunidad fueguina una nueva versi\u00f3n de la Feria Intercultural.<\/p>\n\n\n\n<p>El encuentro, de car\u00e1cter comercial y cultural, tiene como principal objetivo proporcionar un espacio de&nbsp; promoci\u00f3n y comercializaci\u00f3n de emprendimientos &nbsp;de mujeres participantes de la oferta program\u00e1tica de PRODEMU, evento que desde el a\u00f1o 2017, forma parte de la celebraci\u00f3n territorial del D\u00eda de la Regi\u00f3n.<\/p>\n\n\n\n<p>\u201cEn Tierra del Fuego se dio la coyuntura hace ya varios a\u00f1os, de la participaci\u00f3n de mujeres migrantes en la oferta program\u00e1tica de nuestra instituci\u00f3n, de manera especial en programas de emprendimiento. Por ello la instituci\u00f3n ha enfatizado la integraci\u00f3n de todas las culturas que habitan la isla a trav\u00e9s de la realizaci\u00f3n de la&nbsp; Feria Intercultural\u00bb, destaca la directora regional de la fundaci\u00f3n, Ingrid \u00c1lvarez Jim\u00e9nez.<\/p>\n\n\n\n<p><em>La actividad se realizar\u00e1 el d\u00eda 30 de octubre, de 9 a 18 horas , en el gimnasio del Liceo Hernando de Magallanes de Porvenir, con una ceremonia de inauguraci\u00f3n a las 12 horas.<\/em><\/p>\n\n\n\n<p><em>En la oportunidad habr\u00e1 estands con emprendimientos donde destacan aquellos de&nbsp; rubros gastron\u00f3mico y artesanal y contempla presentaciones art\u00edsticas de <\/em>la Agrupaci\u00f3n de danza Venezolana de Punta Arenas, Agrupaci\u00f3n folcl\u00f3rica Oro Fueguino de Porvenir, Agrupaci\u00f3n folcl\u00f3rica&nbsp;K\u00dcTRALIHUE&nbsp;de Porvenir, Los Hermanos P\u00e9rez de Tolhuin, Argentina, Grupo musical Causari de Ecuador, Cristian Larenas, cantante urbano de Santiago y Diego Gallardo Subiabre, cantante de la comuna de Primavera.&nbsp;<\/p>\n\n\n\n<p>\u201cPara PRODEMU es un orgullo contribuir a la integraci\u00f3n de la comunidad migrante, ya que en especial para las mujeres extrajeras existen dificultades propias de su g\u00e9nero y m\u00e1s a\u00fan cuando deciden optar por un emprendimiento en un territorio distinto al de su pa\u00eds de origen\u201d, concluy\u00f3 la directora.<\/p>\n","protected":false},"excerpt":{"rendered":"<p>Por cuarta vez, Fundaci\u00f3n PRODEMU provincia de Tierra del Fuego, ofrecer\u00e1 a la comunidad fueguina una nueva versi\u00f3n de la Feria Intercultural. El encuentro, de car\u00e1cter comercial y cultural, tiene&#8230; <a class=\"read-more\" href=\"https:\/\/www.radiopresidenteibanez.cl\/web\/prodemu-invita-a-4a-feria-intercultural\/\">Leer m\u00e1s<\/a><\/p>\n","protected":false},"author":2,"featured_media":33938,"comment_status":"closed","ping_status":"closed","sticky":false,"template":"","format":"standard","meta":{"footnotes":""},"categories":[1],"tags":[],"class_list":["post-33937","post","type-post","status-publish","format-standard","has-post-thumbnail","hentry","category-cronica"],"_links":{"self":[{"href":"https:\/\/www.radiopresidenteibanez.cl\/web\/wp-json\/wp\/v2\/posts\/33937","targetHints":{"allow":["GET"]}}],"collection":[{"href":"https:\/\/www.radiopresidenteibanez.cl\/web\/wp-json\/wp\/v2\/posts"}],"about":[{"href":"https:\/\/www.radiopresidenteibanez.cl\/web\/wp-json\/wp\/v2\/types\/post"}],"author":[{"embeddable":true,"href":"https:\/\/www.radiopresidenteibanez.cl\/web\/wp-json\/wp\/v2\/users\/2"}],"replies":[{"embeddable":true,"href":"https:\/\/www.radiopresidenteibanez.cl\/web\/wp-json\/wp\/v2\/comments?post=33937"}],"version-history":[{"count":0,"href":"https:\/\/www.radiopresidenteibanez.cl\/web\/wp-json\/wp\/v2\/posts\/33937\/revisions"}],"wp:featuredmedia":[{"embeddable":true,"href":"https:\/\/www.radiopresidenteibanez.cl\/web\/wp-json\/wp\/v2\/media\/33938"}],"wp:attachment":[{"href":"https:\/\/www.radiopresidenteibanez.cl\/web\/wp-json\/wp\/v2\/media?parent=33937"}],"wp:term":[{"taxonomy":"category","embeddable":true,"href":"https:\/\/www.radiopresidenteibanez.cl\/web\/wp-json\/wp\/v2\/categories?post=33937"},{"taxonomy":"post_tag","embeddable":true,"href":"https:\/\/www.radiopresidenteibanez.cl\/web\/wp-json\/wp\/v2\/tags?post=33937"}],"curies":[{"name":"wp","href":"https:\/\/api.w.org\/{rel}","templated":true}]}}