{"id":3393,"date":"2019-04-15T15:49:56","date_gmt":"2019-04-15T15:49:56","guid":{"rendered":"http:\/\/www.radiopresidenteibanez.cl\/web\/?p=3393"},"modified":"2019-04-15T15:50:40","modified_gmt":"2019-04-15T15:50:40","slug":"ultimo-llamado-de-sky-para-encontrar-pasajes-a-bajos-precios-en-semana-santa","status":"publish","type":"post","link":"https:\/\/www.radiopresidenteibanez.cl\/web\/ultimo-llamado-de-sky-para-encontrar-pasajes-a-bajos-precios-en-semana-santa\/","title":{"rendered":"\u00daLTIMO LLAMADO DE SKY PARA ENCONTRAR PASAJES A BAJOS PRECIOS EN SEMANA SANTA"},"content":{"rendered":"\n<p>Con tarifas desde $13 mil, las personas a\u00fan pueden\nencontrar pasajes a precios convenientes para viajar en Semana Santa. As\u00ed, en\nterritorio nacional, Valdivia y Osorno figuran como buenas alternativas, y en el\nextranjero, Mendoza es una buena opci\u00f3n con tickets desde los $32 mil. <\/p>\n\n\n\n<p>\u201cEn comparaci\u00f3n a otros a\u00f1os, esta vez notamos que\nlos pasajes con precios m\u00e1s bajos se agotaron con mayor anticipaci\u00f3n, sin\nembargo, para quienes todav\u00eda no han comprado, a\u00fan pueden planificar una\nescapada fuera de Santiago con tickets a precios bastante convenientes\u201d, dijo\nel gerente de ventas de SKY, Jaime Fern\u00e1ndez.<\/p>\n\n\n\n<p>Por otra parte, aquellos que ya est\u00e1n pensando en\nel pr\u00f3ximo feriado 1 de mayo, SKY lanz\u00f3 la campa\u00f1a \u201cBendito Descuento\u201d -con\nrebajas de hasta un 51%- para aquellos pasajeros que compren pasajes durante Semana\nSanta, pero para viajar entre el 1 de mayo y 30 de septiembre. <\/p>\n\n\n\n<p>Con esta promoci\u00f3n, la aerol\u00ednea est\u00e1 ofreciendo\npasajes a Buenos Aires desde $12.600 y a La Serena por $990. Ambos por tramo,\nsin tasas incluidas y en base a tarifa zero.<\/p>\n\n\n\n<p>\u201cPensando en los pasajeros que planifican sus viajes con anticipaci\u00f3n, tambi\u00e9n hemos lanzado esta nueva promoci\u00f3n, para que ya empiecen programarse para el feriado del 1 de mayo\u201d, recalc\u00f3 Fern\u00e1ndez.<\/p>\n\n\n\n<figure class=\"wp-block-image\"><img loading=\"lazy\" decoding=\"async\" width=\"770\" height=\"450\" src=\"https:\/\/www.radiopresidenteibanez.cl\/web\/wp-content\/uploads\/2019\/04\/3409620_n_vir3.jpg\" alt=\"\" class=\"wp-image-3394\" srcset=\"https:\/\/www.radiopresidenteibanez.cl\/web\/wp-content\/uploads\/2019\/04\/3409620_n_vir3.jpg 770w, https:\/\/www.radiopresidenteibanez.cl\/web\/wp-content\/uploads\/2019\/04\/3409620_n_vir3-300x175.jpg 300w, https:\/\/www.radiopresidenteibanez.cl\/web\/wp-content\/uploads\/2019\/04\/3409620_n_vir3-768x449.jpg 768w\" sizes=\"auto, (max-width: 770px) 100vw, 770px\" \/><\/figure>\n","protected":false},"excerpt":{"rendered":"<p>Con tarifas desde $13 mil, las personas a\u00fan pueden encontrar pasajes a precios convenientes para viajar en Semana Santa. As\u00ed, en territorio nacional, Valdivia y Osorno figuran como buenas alternativas,&#8230; <a class=\"read-more\" href=\"https:\/\/www.radiopresidenteibanez.cl\/web\/ultimo-llamado-de-sky-para-encontrar-pasajes-a-bajos-precios-en-semana-santa\/\">Leer m\u00e1s<\/a><\/p>\n","protected":false},"author":2,"featured_media":3394,"comment_status":"closed","ping_status":"closed","sticky":false,"template":"","format":"standard","meta":{"footnotes":""},"categories":[1],"tags":[],"class_list":["post-3393","post","type-post","status-publish","format-standard","has-post-thumbnail","hentry","category-cronica"],"_links":{"self":[{"href":"https:\/\/www.radiopresidenteibanez.cl\/web\/wp-json\/wp\/v2\/posts\/3393","targetHints":{"allow":["GET"]}}],"collection":[{"href":"https:\/\/www.radiopresidenteibanez.cl\/web\/wp-json\/wp\/v2\/posts"}],"about":[{"href":"https:\/\/www.radiopresidenteibanez.cl\/web\/wp-json\/wp\/v2\/types\/post"}],"author":[{"embeddable":true,"href":"https:\/\/www.radiopresidenteibanez.cl\/web\/wp-json\/wp\/v2\/users\/2"}],"replies":[{"embeddable":true,"href":"https:\/\/www.radiopresidenteibanez.cl\/web\/wp-json\/wp\/v2\/comments?post=3393"}],"version-history":[{"count":0,"href":"https:\/\/www.radiopresidenteibanez.cl\/web\/wp-json\/wp\/v2\/posts\/3393\/revisions"}],"wp:featuredmedia":[{"embeddable":true,"href":"https:\/\/www.radiopresidenteibanez.cl\/web\/wp-json\/wp\/v2\/media\/3394"}],"wp:attachment":[{"href":"https:\/\/www.radiopresidenteibanez.cl\/web\/wp-json\/wp\/v2\/media?parent=3393"}],"wp:term":[{"taxonomy":"category","embeddable":true,"href":"https:\/\/www.radiopresidenteibanez.cl\/web\/wp-json\/wp\/v2\/categories?post=3393"},{"taxonomy":"post_tag","embeddable":true,"href":"https:\/\/www.radiopresidenteibanez.cl\/web\/wp-json\/wp\/v2\/tags?post=3393"}],"curies":[{"name":"wp","href":"https:\/\/api.w.org\/{rel}","templated":true}]}}