{"id":33928,"date":"2022-10-29T10:58:11","date_gmt":"2022-10-29T13:58:11","guid":{"rendered":"https:\/\/www.radiopresidenteibanez.cl\/web\/?p=33928"},"modified":"2022-10-29T10:58:23","modified_gmt":"2022-10-29T13:58:23","slug":"halloween-de-terror-con-mi-mascota","status":"publish","type":"post","link":"https:\/\/www.radiopresidenteibanez.cl\/web\/halloween-de-terror-con-mi-mascota\/","title":{"rendered":"\u00bfHalloween de terror con mi mascota?"},"content":{"rendered":"\n<p>Lleg\u00f3 Halloween. Estamos a pocos d\u00edas de ver nuestras calles y casas con las infaltables telara\u00f1as y esqueletos, variedad de sabrosos dulces y disfraces para grandes, chicos y los \u201cpeludos\u201d de la casa. Pero, \u00bfes bueno sumarlos a esta festividad? Experta del Colegio M\u00e9dico Veterinario (Colmevet), Ana Francisca Soto, coordinadora acad\u00e9mica del Curso \u201cEntrena y Mejora el Comportamiento de Perros y Gatos\u201d de OTEC Colmevet, entrega tips para cuidar el bienestar de nuestras mascotas.<\/p>\n\n\n\n<p>\u201cPuede ser divertido disfrazar a nuestros perros y gatos, pero debemos preocuparnos de su bienestar y que est\u00e9n c\u00f3modos, por eso la recomendaci\u00f3n es usar un disfraz solo por un par de minutos, sacar la fotograf\u00eda y quit\u00e1rselo\u201d, indica la et\u00f3loga cl\u00ednica.<\/p>\n\n\n\n<p>As\u00ed, plantea que, si la mascota no est\u00e1 acostumbrada a usar capitas, no es recomendable poner un disfraz. En tanto, de hacerlo, la postura del disfraz debe asociarse a algo agradable como, por ejemplo, un rico snack mientras lo usa, jam\u00e1s dulces para humanos. La vestimenta no debe ser pesada o calurosa ni estar muy ajustada o intervenir en sus conductas naturales como, el movimiento de la cola, orinar, defecar y caminar. Adem\u00e1s, tampoco puede afectar su comunicaci\u00f3n visual y, por \u00faltimo, no lo pintes, porque esos productos pueden ser t\u00f3xicos y da\u00f1ar gravemente su piel.<\/p>\n\n\n\n<p>\u00bfY si hay muchos extra\u00f1os llegando a pedir dulces o truco? Los perros y gatos podr\u00edan estresarse con la presencia de extra\u00f1os, por tanto, recomienda mantener a tu perro o gato en una zona de seguridad, donde se sienta c\u00f3modo, el que se puede enriquecer con aromaterapia, m\u00fasica, feromonas y sus juguetes preferidos.<\/p>\n\n\n\n<p>\u201cLa tenencia responsable implica el bienestar f\u00edsico y mental de la mascota, y no siempre sabemos qu\u00e9 necesitan, los castigamos ante una conducta que creemos da\u00f1ina para el hogar, como ladrar o que quiera olfatear durante un r\u00e1pido paseo. Por eso, es muy importante aprovechar que el 7 de noviembre, se inicia una nueva versi\u00f3n del curso \u2018Entrena y Mejora el Comportamiento de Perros y Gatos\u2019 de OTEC Colmevet, creado para que, de forma f\u00e1cil y acorde a los tiempos de cada persona, los tutores puedan crear un v\u00ednculo emocional de manera sana con su perro o gato\u201d, invita Ana Francisca Soto.<\/p>\n\n\n\n<p>El curso contempla Comportamiento Natural Canino y Felino, Bases del Entrenamiento Animal, Bienestar Animal y Modificaci\u00f3n Conductual, y ser\u00e1 impartido por destacados m\u00e9dicos veterinarios y especialistas en etolog\u00eda: Dra. Ana Francisca Soto, Dra. Tamara Vergara y el Dr. Vicente Celed\u00f3n. Ingresa en https:\/\/otec.colmevet.cl\/<\/p>\n","protected":false},"excerpt":{"rendered":"<p>Lleg\u00f3 Halloween. Estamos a pocos d\u00edas de ver nuestras calles y casas con las infaltables telara\u00f1as y esqueletos, variedad de sabrosos dulces y disfraces para grandes, chicos y los \u201cpeludos\u201d&#8230; <a class=\"read-more\" href=\"https:\/\/www.radiopresidenteibanez.cl\/web\/halloween-de-terror-con-mi-mascota\/\">Leer m\u00e1s<\/a><\/p>\n","protected":false},"author":2,"featured_media":33929,"comment_status":"closed","ping_status":"closed","sticky":false,"template":"","format":"standard","meta":{"footnotes":""},"categories":[1],"tags":[],"class_list":["post-33928","post","type-post","status-publish","format-standard","has-post-thumbnail","hentry","category-cronica"],"_links":{"self":[{"href":"https:\/\/www.radiopresidenteibanez.cl\/web\/wp-json\/wp\/v2\/posts\/33928","targetHints":{"allow":["GET"]}}],"collection":[{"href":"https:\/\/www.radiopresidenteibanez.cl\/web\/wp-json\/wp\/v2\/posts"}],"about":[{"href":"https:\/\/www.radiopresidenteibanez.cl\/web\/wp-json\/wp\/v2\/types\/post"}],"author":[{"embeddable":true,"href":"https:\/\/www.radiopresidenteibanez.cl\/web\/wp-json\/wp\/v2\/users\/2"}],"replies":[{"embeddable":true,"href":"https:\/\/www.radiopresidenteibanez.cl\/web\/wp-json\/wp\/v2\/comments?post=33928"}],"version-history":[{"count":0,"href":"https:\/\/www.radiopresidenteibanez.cl\/web\/wp-json\/wp\/v2\/posts\/33928\/revisions"}],"wp:featuredmedia":[{"embeddable":true,"href":"https:\/\/www.radiopresidenteibanez.cl\/web\/wp-json\/wp\/v2\/media\/33929"}],"wp:attachment":[{"href":"https:\/\/www.radiopresidenteibanez.cl\/web\/wp-json\/wp\/v2\/media?parent=33928"}],"wp:term":[{"taxonomy":"category","embeddable":true,"href":"https:\/\/www.radiopresidenteibanez.cl\/web\/wp-json\/wp\/v2\/categories?post=33928"},{"taxonomy":"post_tag","embeddable":true,"href":"https:\/\/www.radiopresidenteibanez.cl\/web\/wp-json\/wp\/v2\/tags?post=33928"}],"curies":[{"name":"wp","href":"https:\/\/api.w.org\/{rel}","templated":true}]}}