{"id":33908,"date":"2022-10-28T17:54:00","date_gmt":"2022-10-28T20:54:00","guid":{"rendered":"https:\/\/www.radiopresidenteibanez.cl\/web\/?p=33908"},"modified":"2022-10-27T21:58:32","modified_gmt":"2022-10-28T00:58:32","slug":"empresarios-ratifican-su-compromiso-con-la-formacion-tecnico-profesional-en-el-primer-encuentro-de-consejos-territoriales-y-consejos-sectoriales","status":"publish","type":"post","link":"https:\/\/www.radiopresidenteibanez.cl\/web\/empresarios-ratifican-su-compromiso-con-la-formacion-tecnico-profesional-en-el-primer-encuentro-de-consejos-territoriales-y-consejos-sectoriales\/","title":{"rendered":"Empresarios ratifican su compromiso con la formaci\u00f3n T\u00e9cnico Profesional en el primer encuentro de consejos territoriales y consejos sectoriales"},"content":{"rendered":"\n<p>En INACAP Sede Apoquindo tuvo lugar, de manera presencial, el Primer Encuentro de Consejos Territoriales y Consejos Empresariales Sectoriales, organizado conjuntamente por INACAP y por la Confederaci\u00f3n de la Producci\u00f3n y del Comercio (CPC).<\/p>\n\n\n\n<p>En encuentro estuvo encabezado por el Presidente de la CPC, Juan Sutil, el Presidente de INACAP y de su Consejo Empresarial Sectorial de Miner\u00eda (CESM), Alberto Salas, y el Rector, Lucas Palacios.<\/p>\n\n\n\n<p>El encuentro tuvo por objetivo compartir experiencias a partir del a\u00f1o de funcionamiento que llevan los Consejos Territoriales y Sectoriales, a fin de esbozar ideas de colaboraci\u00f3n futura para seguir aportando a que INACAP entregue una formaci\u00f3n m\u00e1s pertinente a los futuros profesionales de todos los sectores productivos y en todo el pa\u00eds.<\/p>\n\n\n\n<p>Al respecto, el Presidente de la CPC, Juan Sutil, se\u00f1al\u00f3 que esta fue una reuni\u00f3n extraordinaria, \u201cpues en ella se evidenci\u00f3 el impacto que los Consejos Territoriales pueden tener para los alumnos, los profesores, la comunidad y la regi\u00f3n, potenciando ecosistemas territoriales; y donde surgieron mejores ideas y desaf\u00edos para llevar esto adelante. Esta es una importante instancia de vinculaci\u00f3n con el medio que esperamos profundizar junto a los empresarios para fortalecer puentes entre el sector formativo y el mundo del trabajo\u201d.<\/p>\n\n\n\n<p>Por su parte, el Presidente de INACAP, Alberto Salas, agreg\u00f3 que \u201ceste encuentro de los Consejos Territoriales es de la mayor importancia, pues junto con la CPC creamos estos consejos para cerrar las brechas entre la industria y la academia, a fin de tener mayor pertinencia en formaci\u00f3n que impartimos; pero como Chile es un pa\u00eds largo y diverso geogr\u00e1ficamente, los Consejos Territoriales se hacen cargo de dicha diversidad\u201d.<\/p>\n\n\n\n<p>El Rector de INACAP, Lucas Palacios, caracteriz\u00f3 la reuni\u00f3n como fruct\u00edfera, agregando que \u201ca\u00fan hay mucho por hacer, con grandes objetivos. Esto es importante para INACAP porque le entregamos herramientas a nuestros estudiantes, pero ellos despu\u00e9s deben insertarse en el mundo productivo y de servicios. Entonces qu\u00e9 mejor que hacerlo con el apoyo de las empresas, pues ellos saben lo que necesitan, cu\u00e1les son las nuevas tendencias y tecnolog\u00edas que se est\u00e1n aplicando\u201d.<\/p>\n\n\n\n<p>\u00a0Una de las asistentes en la instancia, la Presidente del Consejo Territorial Regi\u00f3n de Magallanes, Tania Pivcevic, agreg\u00f3 que \u201cfue una reuni\u00f3n muy interesante, con mucho intercambio de idea y de opiniones acerca de lo que se est\u00e1 haciendo en cada lugar y c\u00f3mo se est\u00e1 abordando la pertinencia de la formaci\u00f3n en sus respectivos entornos. Los consejos son elementales para la formaci\u00f3n profesional, porque unen a la empresa con la academia, lo que puede ser beneficioso para ambos actores pues permiten optimizar el trabajo con los estudiantes en las instituciones\u201d.<\/p>\n\n\n\n<p>Finalmente, el Presidente del Consejo Territorial Regi\u00f3n de O\u2019Higgins, Recaredo Ossa, afirm\u00f3 que este primer encuentro es una gran oportunidad para esbozar posibles cooperaciones y ayudas; as\u00ed como de compartir opiniones y experiencias que nos permitan crecer. A nivel regional, el Consejo Territorial Regi\u00f3n de O\u2019Higgins ha hecho una buena labor uniendo a INACAP con la empresa y con estamentos educativos de la regi\u00f3n; a fin de primero conocernos, despu\u00e9s generar redes y despu\u00e9s forjar confianzas\u201d.<\/p>\n\n\n\n<p>Participaron tambi\u00e9n los Presidentes del Consejo Empresarial Sectorial de Construcci\u00f3n (CESC), Sergio Torretti, y del Consejo Sectorial Financiero (CSF), Segismundo Schulin-Zeuthen; el Gerente General de la CPC, Fernando Alvear; as\u00ed como los presidentes o representantes de los Consejos Territoriales INACAP-CPC a lo largo del pa\u00eds: por Antofagasta, Claudio Y\u00e9venes, Vicepresidente de Unidad Productos Qu\u00edmicos de Enaex ; por O\u2019Higgins, Recaredo Ossa, Vicepresidente de la SNA; por Biob\u00edo, Felipe Schlack, Director Ejecutivo de Inmobiliaria Alhu\u00e9; por La Araucan\u00eda, Werner Baier, consultor en el rubro de la Construcci\u00f3n ; y por Magallanes, Tania Pivcevic, Gerente de Marketing de Aerov\u00edas DAP.<\/p>\n\n\n\n<p>\u00a0Los Consejos Sectoriales funcionan desde hace un a\u00f1o, congregando a importantes empresarios y ejecutivos, para apoyar a la pertinencia de las carreras de INACAP en sus respectivos sectores, con foco en la actualizaci\u00f3n de los programas de estudio de la Instituci\u00f3n, en la elaboraci\u00f3n de programas de Educaci\u00f3n Continua y en instancias de aprendizaje integrado con el sector productivo. En la reuni\u00f3n se estableci\u00f3 el compromiso de extender su quehacer a todos los sectores.<\/p>\n\n\n\n<p>Por su parte, los Consejos Territoriales re\u00fanen a destacados empresarios, autoridades y representantes locales de la sociedad civil, en una mesa de trabajo colaborativa que busca aportar al desarrollo sostenible de la regi\u00f3n y de sus personas. A la fecha han realizado acciones que van desde la alternancia para alumnos y profesores, hasta iniciativas para promover la innovaci\u00f3n y el emprendimiento.<\/p>\n","protected":false},"excerpt":{"rendered":"<p>En INACAP Sede Apoquindo tuvo lugar, de manera presencial, el Primer Encuentro de Consejos Territoriales y Consejos Empresariales Sectoriales, organizado conjuntamente por INACAP y por la Confederaci\u00f3n de la Producci\u00f3n&#8230; <a class=\"read-more\" href=\"https:\/\/www.radiopresidenteibanez.cl\/web\/empresarios-ratifican-su-compromiso-con-la-formacion-tecnico-profesional-en-el-primer-encuentro-de-consejos-territoriales-y-consejos-sectoriales\/\">Leer m\u00e1s<\/a><\/p>\n","protected":false},"author":2,"featured_media":33909,"comment_status":"closed","ping_status":"closed","sticky":false,"template":"","format":"standard","meta":{"footnotes":""},"categories":[1],"tags":[],"class_list":["post-33908","post","type-post","status-publish","format-standard","has-post-thumbnail","hentry","category-cronica"],"_links":{"self":[{"href":"https:\/\/www.radiopresidenteibanez.cl\/web\/wp-json\/wp\/v2\/posts\/33908","targetHints":{"allow":["GET"]}}],"collection":[{"href":"https:\/\/www.radiopresidenteibanez.cl\/web\/wp-json\/wp\/v2\/posts"}],"about":[{"href":"https:\/\/www.radiopresidenteibanez.cl\/web\/wp-json\/wp\/v2\/types\/post"}],"author":[{"embeddable":true,"href":"https:\/\/www.radiopresidenteibanez.cl\/web\/wp-json\/wp\/v2\/users\/2"}],"replies":[{"embeddable":true,"href":"https:\/\/www.radiopresidenteibanez.cl\/web\/wp-json\/wp\/v2\/comments?post=33908"}],"version-history":[{"count":0,"href":"https:\/\/www.radiopresidenteibanez.cl\/web\/wp-json\/wp\/v2\/posts\/33908\/revisions"}],"wp:featuredmedia":[{"embeddable":true,"href":"https:\/\/www.radiopresidenteibanez.cl\/web\/wp-json\/wp\/v2\/media\/33909"}],"wp:attachment":[{"href":"https:\/\/www.radiopresidenteibanez.cl\/web\/wp-json\/wp\/v2\/media?parent=33908"}],"wp:term":[{"taxonomy":"category","embeddable":true,"href":"https:\/\/www.radiopresidenteibanez.cl\/web\/wp-json\/wp\/v2\/categories?post=33908"},{"taxonomy":"post_tag","embeddable":true,"href":"https:\/\/www.radiopresidenteibanez.cl\/web\/wp-json\/wp\/v2\/tags?post=33908"}],"curies":[{"name":"wp","href":"https:\/\/api.w.org\/{rel}","templated":true}]}}