{"id":33901,"date":"2022-10-28T15:17:00","date_gmt":"2022-10-28T18:17:00","guid":{"rendered":"https:\/\/www.radiopresidenteibanez.cl\/web\/?p=33901"},"modified":"2022-10-27T21:40:11","modified_gmt":"2022-10-28T00:40:11","slug":"agaci-certifica-a-carabinero-en-lecturabraille-y-guia-de-baston-blanco","status":"publish","type":"post","link":"https:\/\/www.radiopresidenteibanez.cl\/web\/agaci-certifica-a-carabinero-en-lecturabraille-y-guia-de-baston-blanco\/","title":{"rendered":"AGACI CERTIFICA A CARABINERO EN LECTURA<br>BRAILLE Y GU\u00cdA DE BAST\u00d3N BLANCO"},"content":{"rendered":"\n<p>En el gimnasio municipal de Villa Tehuelches, se realiz\u00f3 la entrega de la certificaci\u00f3n al Cabo 2do.<br>Felipe Calder\u00f3n Rodr\u00edguez de dotaci\u00f3n del Ret\u00e9n Villa Tehuelches, por parte de la presidenta de la \u201cAgrupaci\u00f3n de Amigos de los Ciegos\u201d (AGACI) Sra. Ester Andrade, por su participaci\u00f3n en el primer \u00abTaller de lectura braille y gu\u00eda de bast\u00f3n blanco\u00bb impartido por la mencionada<br>organizaci\u00f3n.<br>De acuerdo a lo se\u00f1alado por el jefe del Ret\u00e9n Villa Tehuelches,<br>Sargento 1ro. Pablo Arancibia Ampuero, esto fortalece las aptitudes y<br>capacidades de los funcionarios de Carabineros de Chile, conforme a<br>los nuevos lineamientos institucionales de inclusi\u00f3n y acercamiento a<br>la comunidad bajo el precepto \u00abCarabineros de todos\u00bb, aportando<br>herramientas necesarias para brindar un servicio eficiente a todos los<br>miembros de nuestra sociedad y en esta ocasi\u00f3n en particular, a<br>aquellas personas no videntes, que requieran asistencia y\/o servicios<br>policiales.<\/p>\n","protected":false},"excerpt":{"rendered":"<p>En el gimnasio municipal de Villa Tehuelches, se realiz\u00f3 la entrega de la certificaci\u00f3n al Cabo 2do.Felipe Calder\u00f3n Rodr\u00edguez de dotaci\u00f3n del Ret\u00e9n Villa Tehuelches, por parte de la presidenta&#8230; <a class=\"read-more\" href=\"https:\/\/www.radiopresidenteibanez.cl\/web\/agaci-certifica-a-carabinero-en-lecturabraille-y-guia-de-baston-blanco\/\">Leer m\u00e1s<\/a><\/p>\n","protected":false},"author":2,"featured_media":33903,"comment_status":"closed","ping_status":"closed","sticky":false,"template":"","format":"standard","meta":{"footnotes":""},"categories":[1],"tags":[],"class_list":["post-33901","post","type-post","status-publish","format-standard","has-post-thumbnail","hentry","category-cronica"],"_links":{"self":[{"href":"https:\/\/www.radiopresidenteibanez.cl\/web\/wp-json\/wp\/v2\/posts\/33901","targetHints":{"allow":["GET"]}}],"collection":[{"href":"https:\/\/www.radiopresidenteibanez.cl\/web\/wp-json\/wp\/v2\/posts"}],"about":[{"href":"https:\/\/www.radiopresidenteibanez.cl\/web\/wp-json\/wp\/v2\/types\/post"}],"author":[{"embeddable":true,"href":"https:\/\/www.radiopresidenteibanez.cl\/web\/wp-json\/wp\/v2\/users\/2"}],"replies":[{"embeddable":true,"href":"https:\/\/www.radiopresidenteibanez.cl\/web\/wp-json\/wp\/v2\/comments?post=33901"}],"version-history":[{"count":0,"href":"https:\/\/www.radiopresidenteibanez.cl\/web\/wp-json\/wp\/v2\/posts\/33901\/revisions"}],"wp:featuredmedia":[{"embeddable":true,"href":"https:\/\/www.radiopresidenteibanez.cl\/web\/wp-json\/wp\/v2\/media\/33903"}],"wp:attachment":[{"href":"https:\/\/www.radiopresidenteibanez.cl\/web\/wp-json\/wp\/v2\/media?parent=33901"}],"wp:term":[{"taxonomy":"category","embeddable":true,"href":"https:\/\/www.radiopresidenteibanez.cl\/web\/wp-json\/wp\/v2\/categories?post=33901"},{"taxonomy":"post_tag","embeddable":true,"href":"https:\/\/www.radiopresidenteibanez.cl\/web\/wp-json\/wp\/v2\/tags?post=33901"}],"curies":[{"name":"wp","href":"https:\/\/api.w.org\/{rel}","templated":true}]}}