{"id":33898,"date":"2022-10-28T13:47:00","date_gmt":"2022-10-28T16:47:00","guid":{"rendered":"https:\/\/www.radiopresidenteibanez.cl\/web\/?p=33898"},"modified":"2022-10-27T21:32:45","modified_gmt":"2022-10-28T00:32:45","slug":"finalizo-capacitacion-conjunta-senda-carabineros","status":"publish","type":"post","link":"https:\/\/www.radiopresidenteibanez.cl\/web\/finalizo-capacitacion-conjunta-senda-carabineros\/","title":{"rendered":"FINALIZO CAPACITACION CONJUNTA SENDA- CARABINEROS"},"content":{"rendered":"\n<p>El jefe de la secci\u00f3n OS7 de Punta Arenas, Capit\u00e1n Alejandro Bruggink Llanos, inform\u00f3 que este convenio de colaboraci\u00f3n entre el Servicio Nacional para la Prevenci\u00f3n y Rehabilitaci\u00f3n del Consumo de Drogas y Alcohol (SENDA) y Carabineros de Chile, est\u00e1 orientado hacia el personal que se desempe\u00f1a en funciones de car\u00e1cter comunitario, y de orientaci\u00f3n a poblaci\u00f3n en riesgo respecto del consumo problem\u00e1tico de drogas y alcohol.<\/p>\n\n\n\n<p>La finalidad de este convenio de colaboraci\u00f3n financiera y t\u00e9cnica, entre Senda y Carabineros de Chile, consiste en materializar el proyecto denominado \u201cPlan nacional de capacitaci\u00f3n conjunta, Senda &#8211; Carabineros de Chile\u201d, a realizarse durante el presente a\u00f1o, en beneficio del personal policial de distintas Altas Reparticiones del Pa\u00eds. En el caso de la regi\u00f3n de Magallanes y de la Ant\u00e1rtica Chilena, se realizaron una serie de capacitaciones en la ciudad de Punta Arenas, para el personal de las Unidades Operativas y Especializadas de la Prefectura de Magallanes Nro.28.<\/p>\n\n\n\n<p>Capacitar al personal de Carabineros en materias de drogas, para ejecutar acciones de control y prevenci\u00f3n del tr\u00e1fico y consumo de las mismas en sus respectivas \u00e1reas de responsabilidad territorial, propendiendo a su vez, a una mayor eficacia de esta labor, por medio de la integraci\u00f3n y articulaci\u00f3n de tareas con otros estamentos de la comunidad que conforman redes de soporte social, es de vital importancia para perfeccionar y optimizar el desempe\u00f1o de nuestros funcionarios de unidades especializadas y operativas.<\/p>\n\n\n\n<p>La actividad acad\u00e9mica se llev\u00f3 a efecto entre los d\u00edas 24 al 27 de octubre del presente, en cuya \u00faltima jornada se llev\u00f3 a cabo la certificaci\u00f3n para los participantes, instancia que fue presidida por el Sr. Jefe de la XII Zona de Carabineros de Magallanes y de la Ant\u00e1rtica Chilena \u2013 General Claudio Pizarro Valencia, y la Directora (S) de SENDA Magallanes Sra. Ximena Sandoval, con la Presencia del Fiscal Jefe de Punta Arenas Sr. Fernando Dobson y Coordinadora de Seguridad P\u00fablica, en una ceremonia realizada pasado el mediod\u00eda en dependencias del sal\u00f3n audit\u00f3rium del edificio de los servicios p\u00fablicos.<\/p>\n\n\n\n<p>El Teniente Claudio Mu\u00f1oz Currieco del departamento antidrogas OS7 de Santiago de Chile, coment\u00f3 que este es un proceso de capacitaci\u00f3n conjunta entre Carabineros de Chile y SENDA, que tuvo una duraci\u00f3n de cuatro d\u00edas, y cont\u00f3 con la participaci\u00f3n de un total de 20 funcionarios de la regi\u00f3n, los cuales adquirieron distintos conocimientos para profesionalizar, capacitar, potenciar cultura y conocimiento respecto a la ley de drogas, y tambi\u00e9n revisaron un proceso que es sumamente importante, como es \u201cel campo social de la prevenci\u00f3n de drogas\u201d. Todo lo anterior, tiene por finalidad, que nuestros Carabineros tengan la capacidad de dar una respuesta oportuna a la comunidad, se\u00f1al\u00f3 el Oficial Mu\u00f1oz.<\/p>\n\n\n\n<p>Por su parte, la profesional Diana Contreras encargada de prevenci\u00f3n en el Senda regional, comenta que, como servicio p\u00fablico es grato tener la oportunidad de realizar estas capacitaciones para los funcionarios de carabineros. La idea es que puedan conocer la labor que nosotros hacemos, nuestra misi\u00f3n institucional, los distintos programas que abarcamos, los estudios nacionales y regionales, cuyas estad\u00edsticas nos indican en qu\u00e9 situaci\u00f3n como regi\u00f3n nos encontramos respecto al consumo de alcohol y otras drogas.<\/p>\n\n\n\n<p>Finalmente, Contreras manifest\u00f3 que es importante es que sepan c\u00f3mo nos desenvolvemos en las distintas \u00e1reas de trabajo, desde la prevenci\u00f3n, con temas de intervenci\u00f3n territorial, tratamiento e integraci\u00f3n social para que conozcan sobre nuestro trabajo cotidiano, programas y convenios en ejecuci\u00f3n en las distintas comunas de la regi\u00f3n.<\/p>\n\n\n\n<p>Hay que destacar que el trabajo preventivo, es una tarea de todos y todas, y tambi\u00e9n desde las distintas instituciones, organizaciones, organismos de la sociedad civil y carabineros. En conjunto podremos crear y generar mayor prevenci\u00f3n en torno al consumo de alcohol y drogas, puntualiz\u00f3.<\/p>\n","protected":false},"excerpt":{"rendered":"<p>El jefe de la secci\u00f3n OS7 de Punta Arenas, Capit\u00e1n Alejandro Bruggink Llanos, inform\u00f3 que este convenio de colaboraci\u00f3n entre el Servicio Nacional para la Prevenci\u00f3n y Rehabilitaci\u00f3n del Consumo&#8230; <a class=\"read-more\" href=\"https:\/\/www.radiopresidenteibanez.cl\/web\/finalizo-capacitacion-conjunta-senda-carabineros\/\">Leer m\u00e1s<\/a><\/p>\n","protected":false},"author":2,"featured_media":33899,"comment_status":"closed","ping_status":"closed","sticky":false,"template":"","format":"standard","meta":{"footnotes":""},"categories":[1],"tags":[],"class_list":["post-33898","post","type-post","status-publish","format-standard","has-post-thumbnail","hentry","category-cronica"],"_links":{"self":[{"href":"https:\/\/www.radiopresidenteibanez.cl\/web\/wp-json\/wp\/v2\/posts\/33898","targetHints":{"allow":["GET"]}}],"collection":[{"href":"https:\/\/www.radiopresidenteibanez.cl\/web\/wp-json\/wp\/v2\/posts"}],"about":[{"href":"https:\/\/www.radiopresidenteibanez.cl\/web\/wp-json\/wp\/v2\/types\/post"}],"author":[{"embeddable":true,"href":"https:\/\/www.radiopresidenteibanez.cl\/web\/wp-json\/wp\/v2\/users\/2"}],"replies":[{"embeddable":true,"href":"https:\/\/www.radiopresidenteibanez.cl\/web\/wp-json\/wp\/v2\/comments?post=33898"}],"version-history":[{"count":0,"href":"https:\/\/www.radiopresidenteibanez.cl\/web\/wp-json\/wp\/v2\/posts\/33898\/revisions"}],"wp:featuredmedia":[{"embeddable":true,"href":"https:\/\/www.radiopresidenteibanez.cl\/web\/wp-json\/wp\/v2\/media\/33899"}],"wp:attachment":[{"href":"https:\/\/www.radiopresidenteibanez.cl\/web\/wp-json\/wp\/v2\/media?parent=33898"}],"wp:term":[{"taxonomy":"category","embeddable":true,"href":"https:\/\/www.radiopresidenteibanez.cl\/web\/wp-json\/wp\/v2\/categories?post=33898"},{"taxonomy":"post_tag","embeddable":true,"href":"https:\/\/www.radiopresidenteibanez.cl\/web\/wp-json\/wp\/v2\/tags?post=33898"}],"curies":[{"name":"wp","href":"https:\/\/api.w.org\/{rel}","templated":true}]}}