{"id":33889,"date":"2022-10-28T11:13:00","date_gmt":"2022-10-28T14:13:00","guid":{"rendered":"https:\/\/www.radiopresidenteibanez.cl\/web\/?p=33889"},"modified":"2022-10-27T21:04:38","modified_gmt":"2022-10-28T00:04:38","slug":"mas-de-cinco-mil-personas-mayores-de-80-anos-podran-recibir-su-vacuna-bivalente-anual-para-seguir-protegiendose-del-covid-19","status":"publish","type":"post","link":"https:\/\/www.radiopresidenteibanez.cl\/web\/mas-de-cinco-mil-personas-mayores-de-80-anos-podran-recibir-su-vacuna-bivalente-anual-para-seguir-protegiendose-del-covid-19\/","title":{"rendered":"MAS DE CINCO MIL PERSONAS MAYORES DE 80 A\u00d1OS PODRAN RECIBIR SU VACUNA BIVALENTE ANUAL PARA SEGUIR PROTEGIENDOSE DEL COVID-19"},"content":{"rendered":"\n<p>En el Centro de Salud Familiar Carlos Ib\u00e1\u00f1ez se dio inicio comunicacional a la incorporaci\u00f3n del grupo etario de personas mayores de 80 a\u00f1os y m\u00e1s a la Vacunaci\u00f3n Bivalente Anual contra el Covid-19, la cual desde inicios de este mes es parte del Programa Nacional de Inmunizaciones (PNI). Lo anterior, como una de las medidas anunciadas como parte de la fase de Apertura Avanzada del Plan Paso a Paso.<\/p>\n\n\n\n<p>En la actividad se cont\u00f3 con la presencia del Alcalde Claudio Radonich, la SEREMI de Salud, Francisca Sanfuentes, la Encargada del \u00c1rea de Salud de la Cormupa, Rosa Bidart, la representante del Servicio de Salud de Magallanes, Romina Leiva y la Directora del Cesfam, Marioly Troncoso. Las personas mayores que se vacunaron en esta oportunidad fueron Julio Ascencio de 80 a\u00f1os y Mar\u00eda Rivera 82 a\u00f1os<\/p>\n\n\n\n<p>El grupo que se incorpora de 80 a\u00f1os corresponde a las personas que hayan completado su esquema primario al 03 de julio 2022, y personas con dosis de refuerzo al 08 de mayo 2022.<\/p>\n\n\n\n<p>La SEREMI Francisca Sanfuentes, explic\u00f3, que estas personas mayores se suman a los grupos que ya se estaban vacunando con esta estrategia, que corresponde al personal de salud y a las personas inmunosuprimidas. \u201cPosteriormente se continuar\u00e1 con los grupos en forma descendente, hasta completar los mayores de 60 a\u00f1os\u201d. Agreg\u00f3 que las personas pueden acudir a recibir esta protecci\u00f3n a los Centros de Salud Familiar y a los puntos de vacunaci\u00f3n del Mall Espacio Urbano y ZonAustral.<\/p>\n\n\n\n<p>Detall\u00f3 que \u201ces importante se\u00f1alar que ha habido un alza de casos Covid-19 a nivel regional, con una positividad de 9% en la \u00faltima semana, pero principalmente hemos tenido un aumento de las consultas en urgencia por otros virus respiratorios\u201d.<\/p>\n\n\n\n<p>El Alcalde de Punta Arenas, Claudio Radonich, record\u00f3 que el Covid-19 sigue presente en nuestra ciudad y el mundo, si bien estamos con m\u00e1s relajo que seis meses atr\u00e1s, continuamos con el coronavirus y debemos acostumbrarnos a su presencia. \u201cNecesitamos que los vecinos est\u00e9n m\u00e1s seguros, por eso necesitamos que completen los esquemas de vacunaci\u00f3n para protegerse. Recordamos que la vacuna es gratuita. Los Cesfam y Cecosf estar\u00e1n abiertos de lunes a viernes en horarios normal para administrar esta vacuna\u201d.<\/p>\n\n\n\n<p>La encargada del \u00c1rea de Salud de la Cormupa, Rosa Bidart, explic\u00f3 que la dosis bivalente est\u00e1 compuesta por dos cepas: la cepa original de Sars-CoV-2 y \u00d3micron, que se ha convertido en la variante de mayor circulaci\u00f3n. \u201cEs muy importante que el grupo et\u00e1reo de 80 a\u00f1os se proteja oportunamente, recordando que en primavera las personas salen m\u00e1s de sus hogares y tambi\u00e9n se re\u00fanen y comparten con mayor regularidad\u201d.<\/p>\n\n\n\n<p>Romina Leiva, referente del Servicio de Salud Magallanes, reiter\u00f3 el llamado a las personas rezagadas con las dosis de refuerzo, para que completen su esquema y as\u00ed posteriormente recibir la vacuna Bivalente, que ser\u00e1 administrada una vez al a\u00f1o<\/p>\n\n\n\n<p>A la fecha, ya se han inoculado m\u00e1s de 100 mil personas con la vacuna bivalente en el pa\u00eds. A nivel regional son 1.500 personas de los grupos objetivos los que han recibido esta vacuna a la fecha. El grupo objetivo de personas mayores de 80 a\u00f1os y m\u00e1s, es de aproximadamente 5 mil personas.<\/p>\n\n\n\n<p>De esta manera, el llamado es a recibir la vacuna bivalente contra el Covid-19 a 3 grupos prioritarios: personal de salud, personas inmunosuprimidas, y ahora, personas de 80 a\u00f1os o m\u00e1s.<\/p>\n\n\n\n<p>El grupo de personal de salud corresponde a personal cl\u00ednico y administrativo, de atenci\u00f3n intra y extrahospitalaria, servicios m\u00e9dicos y dentales, servicios de apoyo cl\u00ednico como laboratorios, radiolog\u00eda, farmacia, servicios de anatom\u00eda patol\u00f3gica, alimentaci\u00f3n, transporte, seguridad, aseo, y tambi\u00e9n a los estudiantes del \u00e1rea de la salud que est\u00e9n en pr\u00e1ctica cl\u00ednica.<\/p>\n\n\n\n<p>Las personas inmunocomprometidas, en tanto, son los pacientes en di\u00e1lisis, con trasplante de \u00f3rganos s\u00f3lidos (ej. coraz\u00f3n, pulmones, ri\u00f1\u00f3n, h\u00edgado y p\u00e1ncreas); tambi\u00e9n quienes hayan recibido trasplante de m\u00e9dula \u00f3sea; pacientes en tratamiento por c\u00e1ncer y con enfermedades autoinmunes que reciben tratamientos biol\u00f3gicos.<\/p>\n","protected":false},"excerpt":{"rendered":"<p>En el Centro de Salud Familiar Carlos Ib\u00e1\u00f1ez se dio inicio comunicacional a la incorporaci\u00f3n del grupo etario de personas mayores de 80 a\u00f1os y m\u00e1s a la Vacunaci\u00f3n Bivalente&#8230; <a class=\"read-more\" href=\"https:\/\/www.radiopresidenteibanez.cl\/web\/mas-de-cinco-mil-personas-mayores-de-80-anos-podran-recibir-su-vacuna-bivalente-anual-para-seguir-protegiendose-del-covid-19\/\">Leer m\u00e1s<\/a><\/p>\n","protected":false},"author":2,"featured_media":33890,"comment_status":"closed","ping_status":"closed","sticky":false,"template":"","format":"standard","meta":{"footnotes":""},"categories":[1],"tags":[],"class_list":["post-33889","post","type-post","status-publish","format-standard","has-post-thumbnail","hentry","category-cronica"],"_links":{"self":[{"href":"https:\/\/www.radiopresidenteibanez.cl\/web\/wp-json\/wp\/v2\/posts\/33889","targetHints":{"allow":["GET"]}}],"collection":[{"href":"https:\/\/www.radiopresidenteibanez.cl\/web\/wp-json\/wp\/v2\/posts"}],"about":[{"href":"https:\/\/www.radiopresidenteibanez.cl\/web\/wp-json\/wp\/v2\/types\/post"}],"author":[{"embeddable":true,"href":"https:\/\/www.radiopresidenteibanez.cl\/web\/wp-json\/wp\/v2\/users\/2"}],"replies":[{"embeddable":true,"href":"https:\/\/www.radiopresidenteibanez.cl\/web\/wp-json\/wp\/v2\/comments?post=33889"}],"version-history":[{"count":0,"href":"https:\/\/www.radiopresidenteibanez.cl\/web\/wp-json\/wp\/v2\/posts\/33889\/revisions"}],"wp:featuredmedia":[{"embeddable":true,"href":"https:\/\/www.radiopresidenteibanez.cl\/web\/wp-json\/wp\/v2\/media\/33890"}],"wp:attachment":[{"href":"https:\/\/www.radiopresidenteibanez.cl\/web\/wp-json\/wp\/v2\/media?parent=33889"}],"wp:term":[{"taxonomy":"category","embeddable":true,"href":"https:\/\/www.radiopresidenteibanez.cl\/web\/wp-json\/wp\/v2\/categories?post=33889"},{"taxonomy":"post_tag","embeddable":true,"href":"https:\/\/www.radiopresidenteibanez.cl\/web\/wp-json\/wp\/v2\/tags?post=33889"}],"curies":[{"name":"wp","href":"https:\/\/api.w.org\/{rel}","templated":true}]}}