{"id":33842,"date":"2022-10-27T11:11:00","date_gmt":"2022-10-27T14:11:00","guid":{"rendered":"https:\/\/www.radiopresidenteibanez.cl\/web\/?p=33842"},"modified":"2022-10-26T19:44:31","modified_gmt":"2022-10-26T22:44:31","slug":"rector-de-la-umag-jose-maripani-tenemos-que-avanzar-en-modernizar-nuestras-carreras-integrarnos-al-desarrollo-regional-y-colaborar-con-nuestras-comunidades","status":"publish","type":"post","link":"https:\/\/www.radiopresidenteibanez.cl\/web\/rector-de-la-umag-jose-maripani-tenemos-que-avanzar-en-modernizar-nuestras-carreras-integrarnos-al-desarrollo-regional-y-colaborar-con-nuestras-comunidades\/","title":{"rendered":"Rector de la UMAG, Jos\u00e9 Maripani:\u00a0\u00abTenemos que avanzar en modernizar nuestras carreras, integrarnos al desarrollo regional y colaborar con nuestras comunidades\u00bb"},"content":{"rendered":"\n<p>El rector de la Universidad de Magallanes (UMAG) Jos\u00e9 Maripani, fue el encargado de abrir la tradicional Ceremonia de Conmemoraci\u00f3n del Aniversario n\u00famero 61 de la Universidad de Magallanes. En la oportunidad, la autoridad acad\u00e9mica present\u00f3 un breve balance de estos \u00faltimos tres meses en la gesti\u00f3n y tambi\u00e9n una s\u00edntesis de las proyecciones de su gobierno universitario, cuyo discurso&nbsp; valor\u00f3 la contribuci\u00f3n de la UMAG en el desarrollo regional, formaci\u00f3n del capital humano, generaci\u00f3n de conocimiento y desarrollo social, econ\u00f3mico y cultural del territorio.<\/p>\n\n\n\n<p>En cuanto a los principales desaf\u00edos fijados para su per\u00edodo 2022-2026 expres\u00f3 que \u201ctenemos que avanzar en modernizar nuestras carreras, tenemos que integrarnos al desarrollo que est\u00e1 teniendo nuestra regi\u00f3n, contribuir para que tengamos m\u00e1s estudiantes que se acerquen a nuestra casa de estudios y podamos colaborar con nuestras comunidades en t\u00e9rminos de proyecto y desarrollos comunales y regionales; es el gran desaf\u00edo para por una mayor integraci\u00f3n hacia nuestra comunidad\u201d.<\/p>\n\n\n\n<p>Maripani tambi\u00e9n agradeci\u00f3 la presencia de la comunidad universitaria e invitados especiales. Hasta este espacio llegaron los seremis de Educaci\u00f3n, Valent\u00edn Aguilera; de las Cultura, las Artes y el Patrimonio, Diego Garc\u00eda; y Justicia y Derechos Humanos, Michelle Peutat. Adem\u00e1s de autoridades regionales como el alcalde Claudio Radonich, la delegada presidencial Luz Berm\u00fadez, el gobernador Jorge Flies; y los concejales Ver\u00f3nica Aguilar, Alejandro Olate y Jorge Risco.<\/p>\n\n\n\n<p>\u201cLa Universidad de Magallanes cumple un rol fundamental, trascendente en la regi\u00f3n. Pr\u00e1cticamente en todos los elementos productivos y sociales de la regi\u00f3n hay un profesional que ha pasado por estas aulas en su principal funci\u00f3n, que es generar capital humano en hombres y mujeres que est\u00e1n al servicio de la comunidad\u201d. afirm\u00f3 el gobernador Flies. Por otro lado, agreg\u00f3 que \u201cla presentaci\u00f3n que ha hecho el rector cumple ampliamente con las expectativas y la focalizaci\u00f3n que hace en educaci\u00f3n, especialmente en su giro principal que es la investigaci\u00f3n y extensi\u00f3n\u201d, culmin\u00f3.&nbsp;<\/p>\n\n\n\n<p>La instancia culmin\u00f3 con un emocionante v\u00eddeo en el que se destac\u00f3 al administrador del Servicio de Bienestar, Juan Castro Segovia, por su largos 50 a\u00f1os de trayectoria en la Universidad de Magallanes, donde ha apoyado en todo momento a la comunidad universitaria. En este material audiovisual hubo saludos y agradecimientos de amigos, colegas y familiares.<\/p>\n\n\n\n<p>\u201cHe pasado por diversos lugares. Cuando inici\u00e9 pas\u00e9 por la Universidad T\u00e9cnica del Estado (UTE)&nbsp; en el a\u00f1o 1972, que funcionaba en la calle Angamos con Zenteno. Me impact\u00f3 mucho, nunca pens\u00e9 que este reconocimiento iba a ser ahora, ven\u00eda preparado porque me invitaron a la ceremonia de la Cuenta P\u00fablica, pero ten\u00eda entendido que ser\u00eda el d\u00eda viernes en la ceremonia oficial. Fue impactante recibir el mensaje que me envi\u00f3 mi familia, mi hijo que est\u00e1 en Santiago, mi hija y mis nietos\u201d, destac\u00f3 Juan Castro.<\/p>\n\n\n\n<p><strong>Principales ejes<\/strong><\/p>\n\n\n\n<p>El rector Maripani recalc\u00f3 los ejes de su primera l\u00ednea estrat\u00e9gica, que est\u00e1n relacionada con posicionar a la Universidad con un rol de \u201cformaci\u00f3n acad\u00e9mica pertinente y de calidad, centrada en el desarrollo integral de las personas\u201d. Para esto, ha sido esencial el aprendizaje aut\u00f3nomo de los estudiantes de pregrado, postgrado y post\u00edtulo con un modelo de formaci\u00f3n virtual; la primera carrera de Turismo Sustentable, que iniciar\u00e1 en 2023 y ser\u00e1 dictar\u00e1 en el Centro Universitario UMAG de Cabo de Hornos; la incorporaci\u00f3n de nuevas carreras t\u00e9cnicas y profesionales que aborden a la industria del hidr\u00f3geno verde; y promover la movilidad de estudiantes desde y hacia el extranjero, tal como lo demuestra el convenio entre la UMAG y el Instituto Franc\u00e9s de Chile, entre otros.<\/p>\n\n\n\n<p>Como segunda l\u00ednea est\u00e1 tener una \u201cUniversidad fortalecida en la investigaci\u00f3n, creaci\u00f3n, innovaci\u00f3n y posgrado, contribuyendo con soluciones para el desarrollo integral\u201d. Para aquello, son primordial los 33 proyectos ANID (Agencia Nacional de Investigaci\u00f3n y Desarrollo) que est\u00e1n activos y los otros 87 proyectos postulados; la adjudicaci\u00f3n del proyecto Fonis (Financiamiento para proyectos de Investigaci\u00f3n y Desarrollo) sobre covid prolongado en adultos de Punta Arenas; y la inauguraci\u00f3n del primer laboratorio de e-combustible de Chile, en el marco de colaboraci\u00f3n entre HIF y la UMAG.<\/p>\n","protected":false},"excerpt":{"rendered":"<p>El rector de la Universidad de Magallanes (UMAG) Jos\u00e9 Maripani, fue el encargado de abrir la tradicional Ceremonia de Conmemoraci\u00f3n del Aniversario n\u00famero 61 de la Universidad de Magallanes. En&#8230; <a class=\"read-more\" href=\"https:\/\/www.radiopresidenteibanez.cl\/web\/rector-de-la-umag-jose-maripani-tenemos-que-avanzar-en-modernizar-nuestras-carreras-integrarnos-al-desarrollo-regional-y-colaborar-con-nuestras-comunidades\/\">Leer m\u00e1s<\/a><\/p>\n","protected":false},"author":2,"featured_media":33843,"comment_status":"closed","ping_status":"closed","sticky":false,"template":"","format":"standard","meta":{"footnotes":""},"categories":[1],"tags":[],"class_list":["post-33842","post","type-post","status-publish","format-standard","has-post-thumbnail","hentry","category-cronica"],"_links":{"self":[{"href":"https:\/\/www.radiopresidenteibanez.cl\/web\/wp-json\/wp\/v2\/posts\/33842","targetHints":{"allow":["GET"]}}],"collection":[{"href":"https:\/\/www.radiopresidenteibanez.cl\/web\/wp-json\/wp\/v2\/posts"}],"about":[{"href":"https:\/\/www.radiopresidenteibanez.cl\/web\/wp-json\/wp\/v2\/types\/post"}],"author":[{"embeddable":true,"href":"https:\/\/www.radiopresidenteibanez.cl\/web\/wp-json\/wp\/v2\/users\/2"}],"replies":[{"embeddable":true,"href":"https:\/\/www.radiopresidenteibanez.cl\/web\/wp-json\/wp\/v2\/comments?post=33842"}],"version-history":[{"count":0,"href":"https:\/\/www.radiopresidenteibanez.cl\/web\/wp-json\/wp\/v2\/posts\/33842\/revisions"}],"wp:featuredmedia":[{"embeddable":true,"href":"https:\/\/www.radiopresidenteibanez.cl\/web\/wp-json\/wp\/v2\/media\/33843"}],"wp:attachment":[{"href":"https:\/\/www.radiopresidenteibanez.cl\/web\/wp-json\/wp\/v2\/media?parent=33842"}],"wp:term":[{"taxonomy":"category","embeddable":true,"href":"https:\/\/www.radiopresidenteibanez.cl\/web\/wp-json\/wp\/v2\/categories?post=33842"},{"taxonomy":"post_tag","embeddable":true,"href":"https:\/\/www.radiopresidenteibanez.cl\/web\/wp-json\/wp\/v2\/tags?post=33842"}],"curies":[{"name":"wp","href":"https:\/\/api.w.org\/{rel}","templated":true}]}}