{"id":33819,"date":"2022-10-26T16:53:00","date_gmt":"2022-10-26T19:53:00","guid":{"rendered":"https:\/\/www.radiopresidenteibanez.cl\/web\/?p=33819"},"modified":"2022-10-26T16:33:11","modified_gmt":"2022-10-26T19:33:11","slug":"mayor-jefe-de-primera-comisaria-punta-arenas-participo-de-programa-opinion-publica","status":"publish","type":"post","link":"https:\/\/www.radiopresidenteibanez.cl\/web\/mayor-jefe-de-primera-comisaria-punta-arenas-participo-de-programa-opinion-publica\/","title":{"rendered":"MAYOR JEFE DE PRIMERA COMISARIA PUNTA ARENAS PARTICIPO DE PROGRAMA OPINION PUBLICA"},"content":{"rendered":"\n<p>Hoy en Opinion Publica, tuvimos oportunidad de conversar con el Mayor Carlos Sanhueza, jefe de la primera comisar\u00eda de Punta Arenas, dentro del tiempo, se analizaron diferentes temas entre ellos, escasez de personal, medios motorizados, cercan\u00eda de la instituci\u00f3n con el com\u00fan de la gente El inter\u00e9s de la juventud en estos momentos para ingresar a la instituci\u00f3n ,importancia de la fuerza femenina en las labores dentro de la misma. Tambi\u00e9n, contar a lo m\u00e1s breve con la nueva comisar\u00eda, que se proyecta a construcci\u00f3n en calle Ignacio Carreta Pinto, gran tema fue el aumento de infracciones de transito<\/p>\n\n\n\n<p>Nos encontramos que desgraciadamente ,encabezamos el porcentaje de delitos en conducci\u00f3n, a nivel nacional, van en aumento los hechos de violencia ,tanto como robos ,y ri\u00f1as pero, pese a eso, nuestra zona ,se mantiene notoriamente en calma con respecto a regiones tremendamente conflictivas del pa\u00eds.<\/p>\n\n\n\n<p>El Mayor Sanhueza, pr\u00f3ximamente se aleja junto a su familia de la zona muy a su pesar se va estudiar a la escuela estudios superiores \u00a0de la instituci\u00f3n.<\/p>\n","protected":false},"excerpt":{"rendered":"<p>Hoy en Opinion Publica, tuvimos oportunidad de conversar con el Mayor Carlos Sanhueza, jefe de la primera comisar\u00eda de Punta Arenas, dentro del tiempo, se analizaron diferentes temas entre ellos,&#8230; <a class=\"read-more\" href=\"https:\/\/www.radiopresidenteibanez.cl\/web\/mayor-jefe-de-primera-comisaria-punta-arenas-participo-de-programa-opinion-publica\/\">Leer m\u00e1s<\/a><\/p>\n","protected":false},"author":2,"featured_media":33820,"comment_status":"closed","ping_status":"closed","sticky":false,"template":"","format":"standard","meta":{"footnotes":""},"categories":[1],"tags":[],"class_list":["post-33819","post","type-post","status-publish","format-standard","has-post-thumbnail","hentry","category-cronica"],"_links":{"self":[{"href":"https:\/\/www.radiopresidenteibanez.cl\/web\/wp-json\/wp\/v2\/posts\/33819","targetHints":{"allow":["GET"]}}],"collection":[{"href":"https:\/\/www.radiopresidenteibanez.cl\/web\/wp-json\/wp\/v2\/posts"}],"about":[{"href":"https:\/\/www.radiopresidenteibanez.cl\/web\/wp-json\/wp\/v2\/types\/post"}],"author":[{"embeddable":true,"href":"https:\/\/www.radiopresidenteibanez.cl\/web\/wp-json\/wp\/v2\/users\/2"}],"replies":[{"embeddable":true,"href":"https:\/\/www.radiopresidenteibanez.cl\/web\/wp-json\/wp\/v2\/comments?post=33819"}],"version-history":[{"count":0,"href":"https:\/\/www.radiopresidenteibanez.cl\/web\/wp-json\/wp\/v2\/posts\/33819\/revisions"}],"wp:featuredmedia":[{"embeddable":true,"href":"https:\/\/www.radiopresidenteibanez.cl\/web\/wp-json\/wp\/v2\/media\/33820"}],"wp:attachment":[{"href":"https:\/\/www.radiopresidenteibanez.cl\/web\/wp-json\/wp\/v2\/media?parent=33819"}],"wp:term":[{"taxonomy":"category","embeddable":true,"href":"https:\/\/www.radiopresidenteibanez.cl\/web\/wp-json\/wp\/v2\/categories?post=33819"},{"taxonomy":"post_tag","embeddable":true,"href":"https:\/\/www.radiopresidenteibanez.cl\/web\/wp-json\/wp\/v2\/tags?post=33819"}],"curies":[{"name":"wp","href":"https:\/\/api.w.org\/{rel}","templated":true}]}}