{"id":3381,"date":"2019-04-14T21:46:28","date_gmt":"2019-04-14T21:46:28","guid":{"rendered":"http:\/\/www.radiopresidenteibanez.cl\/web\/?p=3381"},"modified":"2019-04-14T21:47:12","modified_gmt":"2019-04-14T21:47:12","slug":"tienda-ubicada-en-el-centro-de-punta-arenas-debio-evacuar-por-emanacion-de-gas","status":"publish","type":"post","link":"https:\/\/www.radiopresidenteibanez.cl\/web\/tienda-ubicada-en-el-centro-de-punta-arenas-debio-evacuar-por-emanacion-de-gas\/","title":{"rendered":"TIENDA UBICADA EN EL CENTRO DE PUNTA ARENAS, DEBI\u00d3 EVACUAR POR EMANACI\u00d3N DE GAS"},"content":{"rendered":"\n<p>Dos compa\u00f1\u00edas de Bomberos, debieron concurrir hasta la tienda \u00abTricot\u00bb ubicada calle Bories, entre calle Jos\u00e9 Men\u00e9ndez y Avenida Col\u00f3n, debido al aviso de trabajadores del lugar que percibieron un fuerte olor a gas, a lo anterior se realiz\u00f3 la respectiva evacuaci\u00f3n.<\/p>\n\n\n\n<figure class=\"wp-block-image\"><img loading=\"lazy\" decoding=\"async\" width=\"794\" height=\"520\" src=\"https:\/\/www.radiopresidenteibanez.cl\/web\/wp-content\/uploads\/2019\/04\/IMG-20190414-WA0039.jpg\" alt=\"\" class=\"wp-image-3382\" srcset=\"https:\/\/www.radiopresidenteibanez.cl\/web\/wp-content\/uploads\/2019\/04\/IMG-20190414-WA0039.jpg 794w, https:\/\/www.radiopresidenteibanez.cl\/web\/wp-content\/uploads\/2019\/04\/IMG-20190414-WA0039-300x196.jpg 300w, https:\/\/www.radiopresidenteibanez.cl\/web\/wp-content\/uploads\/2019\/04\/IMG-20190414-WA0039-768x503.jpg 768w\" sizes=\"auto, (max-width: 794px) 100vw, 794px\" \/><\/figure>\n","protected":false},"excerpt":{"rendered":"<p>Dos compa\u00f1\u00edas de Bomberos, debieron concurrir hasta la tienda \u00abTricot\u00bb ubicada calle Bories, entre calle Jos\u00e9 Men\u00e9ndez y Avenida Col\u00f3n, debido al aviso de trabajadores del lugar que percibieron un&#8230; <a class=\"read-more\" href=\"https:\/\/www.radiopresidenteibanez.cl\/web\/tienda-ubicada-en-el-centro-de-punta-arenas-debio-evacuar-por-emanacion-de-gas\/\">Leer m\u00e1s<\/a><\/p>\n","protected":false},"author":2,"featured_media":3382,"comment_status":"closed","ping_status":"closed","sticky":false,"template":"","format":"standard","meta":{"footnotes":""},"categories":[1],"tags":[],"class_list":["post-3381","post","type-post","status-publish","format-standard","has-post-thumbnail","hentry","category-cronica"],"_links":{"self":[{"href":"https:\/\/www.radiopresidenteibanez.cl\/web\/wp-json\/wp\/v2\/posts\/3381","targetHints":{"allow":["GET"]}}],"collection":[{"href":"https:\/\/www.radiopresidenteibanez.cl\/web\/wp-json\/wp\/v2\/posts"}],"about":[{"href":"https:\/\/www.radiopresidenteibanez.cl\/web\/wp-json\/wp\/v2\/types\/post"}],"author":[{"embeddable":true,"href":"https:\/\/www.radiopresidenteibanez.cl\/web\/wp-json\/wp\/v2\/users\/2"}],"replies":[{"embeddable":true,"href":"https:\/\/www.radiopresidenteibanez.cl\/web\/wp-json\/wp\/v2\/comments?post=3381"}],"version-history":[{"count":0,"href":"https:\/\/www.radiopresidenteibanez.cl\/web\/wp-json\/wp\/v2\/posts\/3381\/revisions"}],"wp:featuredmedia":[{"embeddable":true,"href":"https:\/\/www.radiopresidenteibanez.cl\/web\/wp-json\/wp\/v2\/media\/3382"}],"wp:attachment":[{"href":"https:\/\/www.radiopresidenteibanez.cl\/web\/wp-json\/wp\/v2\/media?parent=3381"}],"wp:term":[{"taxonomy":"category","embeddable":true,"href":"https:\/\/www.radiopresidenteibanez.cl\/web\/wp-json\/wp\/v2\/categories?post=3381"},{"taxonomy":"post_tag","embeddable":true,"href":"https:\/\/www.radiopresidenteibanez.cl\/web\/wp-json\/wp\/v2\/tags?post=3381"}],"curies":[{"name":"wp","href":"https:\/\/api.w.org\/{rel}","templated":true}]}}