{"id":33800,"date":"2022-10-26T13:43:00","date_gmt":"2022-10-26T16:43:00","guid":{"rendered":"https:\/\/www.radiopresidenteibanez.cl\/web\/?p=33800"},"modified":"2022-10-25T22:37:45","modified_gmt":"2022-10-26T01:37:45","slug":"agenda-de-trabajo-cultural-decente-inicia-su-camino-hacia-una-politica-publica-que-mejore-las-condiciones-laborales-para-el-sector","status":"publish","type":"post","link":"https:\/\/www.radiopresidenteibanez.cl\/web\/agenda-de-trabajo-cultural-decente-inicia-su-camino-hacia-una-politica-publica-que-mejore-las-condiciones-laborales-para-el-sector\/","title":{"rendered":"Agenda de Trabajo Cultural Decente inicia su camino hacia una pol\u00edtica p\u00fablica que mejore las condiciones laborales para el sector"},"content":{"rendered":"\n<p>Con el foco puesto en mejorar las condiciones laborales de trabajadoras y trabajadores del sector cultural, la ministra de las Culturas, las Artes y el Patrimonio, Julieta Brodsky Hern\u00e1ndez, acompa\u00f1ada de las subsecretarias de las Culturas y las Artes, Andrea Guti\u00e9rrez V\u00e1squez; y del Patrimonio Cultural, Carolina P\u00e9rez Dattari; adem\u00e1s del subsecretario del Trabajo, Giorgio Boccardo; anunci\u00f3 hoy el inicio de la Agenda de Trabajo Cultural Decente, proceso de construcci\u00f3n y dise\u00f1o de una pol\u00edtica p\u00fablica contemplada en el Programa de Gobierno del Presidente Gabriel Boric.<\/p>\n\n\n\n<p>En ella, instituciones, empleadores\/as y trabajadores\/as tendr\u00e1n un rol clave en el camino a la elaboraci\u00f3n de un Estatuto del Trabajador Cultural, a partir de los Di\u00e1logos Sociales, encuentros que comienzan el pr\u00f3ximo 14 de noviembre y que se extender\u00e1n por cinco zonas a nivel nacional: Norte, Centro, RM, Sur y Sur Austral (fechas por definir). &nbsp;<\/p>\n\n\n\n<p>\u201cEsta Agenda de Trabajo Cultural Decente es fundamental para el cumplimiento del compromiso del Presidente Gabriel Boric con las condiciones de las y los trabajadores culturales\u201d, dijo la ministra de las Culturas, Julieta Brodsky. \u201cAdem\u00e1s del proceso de di\u00e1logo social para la construcci\u00f3n de un futuro Estatuto del Trabajador Cultural, implica el lanzamiento de un nuevo programa del fortalecimiento del trabajo cultural en 2023, que permitir\u00e1 reforzar el trabajo cultural, mejorar las condiciones laborales y dar respuesta a una lucha hist\u00f3rica de tantos a\u00f1os, de gremios, sindicatos y organizaciones, que no hab\u00eda tenido eco hasta ahora. Por fin podremos avanzar en este tema, que va muy de la mano con el crecimiento presupuestario que tenemos el pr\u00f3ximo a\u00f1o y la centralidad que le est\u00e1 dando este Gobierno a la cultura\u201d, agreg\u00f3 la secretaria de Estado.<\/p>\n\n\n\n<p>El proceso se ha realizado en conjunto con el Ministerio del Trabajo y Previsi\u00f3n Social y contar\u00e1 con la asesor\u00eda t\u00e9cnica de la Organizaci\u00f3n Internacional del Trabajo (OIT) y la UNESCO.<\/p>\n\n\n\n<p>El subsecretario Giorgio Boccardo destac\u00f3 que se trata de \u201cun momento hist\u00f3rico para el Ministerio de las Culturas, un primer paso que nos permitir\u00e1 avanzar en Trabajo Decente, seguridad social y buen vivir para las y los trabajadores culturales. Como Ministerio del Trabajo estamos a disposici\u00f3n para apoyar este proceso de di\u00e1logo social, convencidos de que los grandes acuerdos se logran con escucha y di\u00e1logo de todas las partes\u201d.<\/p>\n\n\n\n<p>En los di\u00e1logos se abordar\u00e1 la experiencia comparada de estatutos del trabajador y trabajadora cultural en el mundo, derechos fundamentales del trabajo y principios de seguridad social, finalizando con una s\u00edntesis de propuestas y acuerdos de los di\u00e1logos por zona. Pueden participar gremios y sindicatos del sector cultural y patrimonial que se encuentren constituidos legalmente y que sean representativos de su subsector o \u00e1rea disciplinar. Para personas naturales y organizaciones se desarrollar\u00e1n metodolog\u00edas de participaci\u00f3n complementarias que ser\u00e1n informadas pr\u00f3ximamente.<\/p>\n\n\n\n<p>M\u00e1s informaci\u00f3n e inscripciones disponibles en <a href=\"https:\/\/www.cultura.gob.cl\/trabajocultural\/\">https:\/\/www.cultura.gob.cl\/trabajocultural\/<\/a>.<\/p>\n","protected":false},"excerpt":{"rendered":"<p>Con el foco puesto en mejorar las condiciones laborales de trabajadoras y trabajadores del sector cultural, la ministra de las Culturas, las Artes y el Patrimonio, Julieta Brodsky Hern\u00e1ndez, acompa\u00f1ada&#8230; <a class=\"read-more\" href=\"https:\/\/www.radiopresidenteibanez.cl\/web\/agenda-de-trabajo-cultural-decente-inicia-su-camino-hacia-una-politica-publica-que-mejore-las-condiciones-laborales-para-el-sector\/\">Leer m\u00e1s<\/a><\/p>\n","protected":false},"author":2,"featured_media":33801,"comment_status":"closed","ping_status":"closed","sticky":false,"template":"","format":"standard","meta":{"footnotes":""},"categories":[1],"tags":[],"class_list":["post-33800","post","type-post","status-publish","format-standard","has-post-thumbnail","hentry","category-cronica"],"_links":{"self":[{"href":"https:\/\/www.radiopresidenteibanez.cl\/web\/wp-json\/wp\/v2\/posts\/33800","targetHints":{"allow":["GET"]}}],"collection":[{"href":"https:\/\/www.radiopresidenteibanez.cl\/web\/wp-json\/wp\/v2\/posts"}],"about":[{"href":"https:\/\/www.radiopresidenteibanez.cl\/web\/wp-json\/wp\/v2\/types\/post"}],"author":[{"embeddable":true,"href":"https:\/\/www.radiopresidenteibanez.cl\/web\/wp-json\/wp\/v2\/users\/2"}],"replies":[{"embeddable":true,"href":"https:\/\/www.radiopresidenteibanez.cl\/web\/wp-json\/wp\/v2\/comments?post=33800"}],"version-history":[{"count":0,"href":"https:\/\/www.radiopresidenteibanez.cl\/web\/wp-json\/wp\/v2\/posts\/33800\/revisions"}],"wp:featuredmedia":[{"embeddable":true,"href":"https:\/\/www.radiopresidenteibanez.cl\/web\/wp-json\/wp\/v2\/media\/33801"}],"wp:attachment":[{"href":"https:\/\/www.radiopresidenteibanez.cl\/web\/wp-json\/wp\/v2\/media?parent=33800"}],"wp:term":[{"taxonomy":"category","embeddable":true,"href":"https:\/\/www.radiopresidenteibanez.cl\/web\/wp-json\/wp\/v2\/categories?post=33800"},{"taxonomy":"post_tag","embeddable":true,"href":"https:\/\/www.radiopresidenteibanez.cl\/web\/wp-json\/wp\/v2\/tags?post=33800"}],"curies":[{"name":"wp","href":"https:\/\/api.w.org\/{rel}","templated":true}]}}